{"id":8174,"date":"2021-04-13T12:49:17","date_gmt":"2021-04-13T15:49:17","guid":{"rendered":"http:\/\/dgospel.com.br\/portal\/?p=8174"},"modified":"2021-04-13T12:49:18","modified_gmt":"2021-04-13T15:49:18","slug":"rubens-uchoa-pede-inclusao-dos-profissionais-de-farmacia-no-plano-de-prioridades-da-vacinacao-contra-a-covid-19","status":"publish","type":"post","link":"https:\/\/dgospel.com.br\/portal\/index.php\/2021\/04\/13\/rubens-uchoa-pede-inclusao-dos-profissionais-de-farmacia-no-plano-de-prioridades-da-vacinacao-contra-a-covid-19\/","title":{"rendered":"Rubens Uch\u00f4a pede inclus\u00e3o dos profissionais de farm\u00e1cia no plano de prioridades da vacina\u00e7\u00e3o contra a COVID-19"},"content":{"rendered":"\n<p>O vereador Rubens Uch\u00f4a\n(Cidadania) apresentou um requerimento em que solicita ao Poder Executivo\nMunicipal de Palmas a inclus\u00e3o dos profissionais de farm\u00e1cia no plano de prioridades\nda vacina\u00e7\u00e3o contra a COVID-19.<\/p>\n\n\n\n<p>O requerimento de autoria de Rubens\nUch\u00f4a que foi apresentado durante sess\u00e3o ordin\u00e1ria realizada na manh\u00e3 desta\nter\u00e7a-feira, 13, na C\u00e2mara Municipal foi aprovado por unanimidade pelos\nvereadores.<\/p>\n\n\n\n<p>O vereador explica que as\nfarm\u00e1cias s\u00e3o as primeiras a serem procuradas em casos de suspeitas de covid-19.\n\u201cFizemos essa solicita\u00e7\u00e3o da inclus\u00e3o dos trabalhadores das farm\u00e1cias porque\neles s\u00e3o os primeiros a ter contato com as pessoas infectadas pelo COVID no\natendimento ao receber a receita m\u00e9dica\u201d.<\/p>\n\n\n\n<p>Uch\u00f4a justifica que os\nfarmac\u00eauticos t\u00eam desempenhado um importante papel assistencial no\nenfrentamento da pandemia, n\u00e3o somente nas unidades de atendimento hospitalares\ne ambulatorial, mas tamb\u00e9m nas farm\u00e1cias e laborat\u00f3rios p\u00fablicos e privados.<\/p>\n","protected":false},"excerpt":{"rendered":"<p>O vereador Rubens Uch\u00f4a (Cidadania) apresentou um requerimento em que solicita ao Poder Executivo Municipal de Palmas a inclus\u00e3o dos profissionais de farm\u00e1cia no plano de prioridades da vacina\u00e7\u00e3o contra a COVID-19. O requerimento de autoria de Rubens Uch\u00f4a que foi apresentado durante sess\u00e3o ordin\u00e1ria realizada na manh\u00e3 desta ter\u00e7a-feira, 13, na C\u00e2mara Municipal foi [&hellip;]<\/p>\n","protected":false},"author":2,"featured_media":8175,"comment_status":"open","ping_status":"open","sticky":false,"template":"","format":"standard","meta":[],"categories":[8],"tags":[],"_links":{"self":[{"href":"https:\/\/dgospel.com.br\/portal\/index.php\/wp-json\/wp\/v2\/posts\/8174"}],"collection":[{"href":"https:\/\/dgospel.com.br\/portal\/index.php\/wp-json\/wp\/v2\/posts"}],"about":[{"href":"https:\/\/dgospel.com.br\/portal\/index.php\/wp-json\/wp\/v2\/types\/post"}],"author":[{"embeddable":true,"href":"https:\/\/dgospel.com.br\/portal\/index.php\/wp-json\/wp\/v2\/users\/2"}],"replies":[{"embeddable":true,"href":"https:\/\/dgospel.com.br\/portal\/index.php\/wp-json\/wp\/v2\/comments?post=8174"}],"version-history":[{"count":1,"href":"https:\/\/dgospel.com.br\/portal\/index.php\/wp-json\/wp\/v2\/posts\/8174\/revisions"}],"predecessor-version":[{"id":8176,"href":"https:\/\/dgospel.com.br\/portal\/index.php\/wp-json\/wp\/v2\/posts\/8174\/revisions\/8176"}],"wp:featuredmedia":[{"embeddable":true,"href":"https:\/\/dgospel.com.br\/portal\/index.php\/wp-json\/wp\/v2\/media\/8175"}],"wp:attachment":[{"href":"https:\/\/dgospel.com.br\/portal\/index.php\/wp-json\/wp\/v2\/media?parent=8174"}],"wp:term":[{"taxonomy":"category","embeddable":true,"href":"https:\/\/dgospel.com.br\/portal\/index.php\/wp-json\/wp\/v2\/categories?post=8174"},{"taxonomy":"post_tag","embeddable":true,"href":"https:\/\/dgospel.com.br\/portal\/index.php\/wp-json\/wp\/v2\/tags?post=8174"}],"curies":[{"name":"wp","href":"https:\/\/api.w.org\/{rel}","templated":true}]}}