{"id":8188,"date":"2021-04-14T22:38:46","date_gmt":"2021-04-15T01:38:46","guid":{"rendered":"http:\/\/dgospel.com.br\/portal\/?p=8188"},"modified":"2021-04-14T22:44:19","modified_gmt":"2021-04-15T01:44:19","slug":"carlesse-edita-nova-lei-complementar-que-dispoe-sobre-a-estrutura-organizacional-da-policia-militar","status":"publish","type":"post","link":"https:\/\/dgospel.com.br\/portal\/index.php\/2021\/04\/14\/carlesse-edita-nova-lei-complementar-que-dispoe-sobre-a-estrutura-organizacional-da-policia-militar\/","title":{"rendered":"Carlesse edita nova Lei Complementar que disp\u00f5e sobre a estrutura organizacional da Pol\u00edcia Militar"},"content":{"rendered":"\n<p>A Pol\u00edcia Militar do Tocantins (PMTO) passa a ter status de Secretaria de Estado a partir da publica\u00e7\u00e3o da Lei Complementar n\u00ba 128\/2021, no Di\u00e1rio Oficial do Estado (DOE), edi\u00e7\u00e3o desta quarta-feira, 14. A nova Lei \u00e9 origin\u00e1ria do Projeto de Lei Complementar n\u00ba 1\/2021, que disp\u00f5e sobre a Organiza\u00e7\u00e3o B\u00e1sica da PMTO, proposto pelo governador Mauro Carlesse, que encaminhou o mesmo para aprecia\u00e7\u00e3o da Assembleia Legislativa (Aleto), obtendo a aprova\u00e7\u00e3o dos parlamentares ainda nesta ter\u00e7a-feira, 13.<\/p>\n\n\n\n<p>O Chefe do Poder Executivo Estadual, Mauro Carlesse, ressaltou que al\u00e9m de revogar a Lei Complementar n\u00ba 79\/2012, essa nova lei altera a estrutura organizacional da corpora\u00e7\u00e3o, tornando-a mais din\u00e2mica. Al\u00e9m disso, prop\u00f5e cursos de capacita\u00e7\u00e3o de forma mais abrangente para todas as unidades, e ainda abre novas possibilidades de crescimento na carreira militar. \u201c\u00c9 um avan\u00e7o para toda a corpora\u00e7\u00e3o, composta por homens e mulheres dedicados em proporcionar um Estado mais seguro para nossa popula\u00e7\u00e3o\u201d, destaca.<\/p>\n\n\n\n<p>O comandante-geral da PMTO, coronel Silva Neto, afirmou que a mudan\u00e7a \u00e9 um marco na hist\u00f3ria da corpora\u00e7\u00e3o. \u201cHoje, a Pol\u00edcia Militar tem um dia marcante, gra\u00e7as \u00e0 credibilidade que a gente tem perante a sociedade e as autoridades. Conseguimos o reconhecimento da nossa Secretaria de Pol\u00edcia Militar, agora somos de fato e de direito uma Secretaria. Tamb\u00e9m estamos regularizando soldados de primeira e segunda classe, e estamos dando a oportunidade, principalmente aos militares de sa\u00fade, de ascender ao oficialato. Antes, eles n\u00e3o tinham essa oportunidade, chegavam at\u00e9 o posto de subtenente e hoje n\u00f3s conseguimos esse feito\u201d, ressaltou o comandante-geral logo ap\u00f3s a aprova\u00e7\u00e3o dos parlamentares.<\/p>\n\n\n\n<p><strong>Principais mudan\u00e7as<\/strong><\/p>\n\n\n\n<p>Com a edi\u00e7\u00e3o integral da nova Lei, as principais mudan\u00e7as s\u00e3o as seguintes: atribuir formalmente a denomina\u00e7\u00e3o de Secretaria \u00e0 Corpora\u00e7\u00e3o; amplia\u00e7\u00e3o do rol de compet\u00eancias da PMTO; adequa\u00e7\u00f5es das atribui\u00e7\u00f5es das unidades administrativas da PMTO, no intuito de buscar a excel\u00eancia na presta\u00e7\u00e3o de servi\u00e7os;&nbsp;&nbsp;e a cria\u00e7\u00e3o do Quadro de Oficiais da Sa\u00fade, a fim de garantir isonomia com os demais quadros de pra\u00e7as da corpora\u00e7\u00e3o, pelo fato que o Quadro de Pra\u00e7as da Sa\u00fade era o \u00fanico que a carreira se limitava a subtenente, n\u00e3o permitindo ascens\u00e3o ao oficialato.<\/p>\n","protected":false},"excerpt":{"rendered":"<p>A Pol\u00edcia Militar do Tocantins (PMTO) passa a ter status de Secretaria de Estado a partir da publica\u00e7\u00e3o da Lei Complementar n\u00ba 128\/2021, no Di\u00e1rio Oficial do Estado (DOE), edi\u00e7\u00e3o desta quarta-feira, 14. A nova Lei \u00e9 origin\u00e1ria do Projeto de Lei Complementar n\u00ba 1\/2021, que disp\u00f5e sobre a Organiza\u00e7\u00e3o B\u00e1sica da PMTO, proposto pelo [&hellip;]<\/p>\n","protected":false},"author":2,"featured_media":8189,"comment_status":"open","ping_status":"open","sticky":false,"template":"","format":"standard","meta":[],"categories":[3],"tags":[13],"_links":{"self":[{"href":"https:\/\/dgospel.com.br\/portal\/index.php\/wp-json\/wp\/v2\/posts\/8188"}],"collection":[{"href":"https:\/\/dgospel.com.br\/portal\/index.php\/wp-json\/wp\/v2\/posts"}],"about":[{"href":"https:\/\/dgospel.com.br\/portal\/index.php\/wp-json\/wp\/v2\/types\/post"}],"author":[{"embeddable":true,"href":"https:\/\/dgospel.com.br\/portal\/index.php\/wp-json\/wp\/v2\/users\/2"}],"replies":[{"embeddable":true,"href":"https:\/\/dgospel.com.br\/portal\/index.php\/wp-json\/wp\/v2\/comments?post=8188"}],"version-history":[{"count":1,"href":"https:\/\/dgospel.com.br\/portal\/index.php\/wp-json\/wp\/v2\/posts\/8188\/revisions"}],"predecessor-version":[{"id":8190,"href":"https:\/\/dgospel.com.br\/portal\/index.php\/wp-json\/wp\/v2\/posts\/8188\/revisions\/8190"}],"wp:featuredmedia":[{"embeddable":true,"href":"https:\/\/dgospel.com.br\/portal\/index.php\/wp-json\/wp\/v2\/media\/8189"}],"wp:attachment":[{"href":"https:\/\/dgospel.com.br\/portal\/index.php\/wp-json\/wp\/v2\/media?parent=8188"}],"wp:term":[{"taxonomy":"category","embeddable":true,"href":"https:\/\/dgospel.com.br\/portal\/index.php\/wp-json\/wp\/v2\/categories?post=8188"},{"taxonomy":"post_tag","embeddable":true,"href":"https:\/\/dgospel.com.br\/portal\/index.php\/wp-json\/wp\/v2\/tags?post=8188"}],"curies":[{"name":"wp","href":"https:\/\/api.w.org\/{rel}","templated":true}]}}