{"id":8197,"date":"2021-04-15T16:26:06","date_gmt":"2021-04-15T19:26:06","guid":{"rendered":"http:\/\/dgospel.com.br\/portal\/?p=8197"},"modified":"2021-04-15T16:26:08","modified_gmt":"2021-04-15T19:26:08","slug":"leo-barbosa-propoe-projeto-que-visa-a-promocao-de-saude-mental-entre-policiais","status":"publish","type":"post","link":"https:\/\/dgospel.com.br\/portal\/index.php\/2021\/04\/15\/leo-barbosa-propoe-projeto-que-visa-a-promocao-de-saude-mental-entre-policiais\/","title":{"rendered":"L\u00e9o Barbosa prop\u00f5e Projeto que visa a promo\u00e7\u00e3o de sa\u00fade mental entre policiais"},"content":{"rendered":"\n<p>\n\nTramita, na Assembleia Legislativa do Tocantins, um Projeto de Lei apresentado nesta quarta-feira, 14, pelo deputado estadual L\u00e9o Barbosa (Solidariedade), que estabelece a realiza\u00e7\u00e3o de Exame Anual de Sa\u00fade Mental para os membros das institui\u00e7\u00f5es integrantes da Seguran\u00e7a P\u00fablica do Estado.<br>De acordo com a justificativa da proposi\u00e7\u00e3o, o objetivo \u00e9 que os servidores realizem acompanhamento com profissionais especializados, no m\u00ednimo uma vez por ano, e que sejam promovidas a\u00e7\u00f5es para a conscientiza\u00e7\u00e3o da import\u00e2ncia quanto aos cuidados com a sa\u00fade mental.<br>Em 2020, o Instituto de Pesquisa, Preven\u00e7\u00e3o e Estudos em Suic\u00eddio (IPPES) divulgou a segunda edi\u00e7\u00e3o do Boletim de Notifica\u00e7\u00e3o de Mortes Violentas Intencionais entre Profissionais de Seguran\u00e7a P\u00fablica no Brasil e o relat\u00f3rio mostrou um aumento de 39% de casos de suic\u00eddio consumado, homic\u00eddio seguido por suic\u00eddio e tentativas de suic\u00eddios, em rela\u00e7\u00e3o ao ano de 2018.&nbsp;<br>L\u00e9o Barbosa ressalta que os dados s\u00e3o alarmantes e que \u00e9 preciso investir em pol\u00edticas de assist\u00eancia social e mental a fim de garantir a aten\u00e7\u00e3o necess\u00e1ria ao policial em situa\u00e7\u00e3o de risco. &#8220;Hoje somente ocorre atendimento reativo, ou seja, quando se manifesta de forma contundente um problema, o policial \u00e9 afastado e levado \u00e0 avalia\u00e7\u00e3o psicol\u00f3gica e tratamento. Isso n\u00e3o \u00e9 suficiente. \u00c9 necess\u00e1rio que a sa\u00fade mental dos nossos policiais seja avaliada periodicamente e que eles recebam total apoio antes que a situa\u00e7\u00e3o pessoal e institucional se agrave&#8221;, ressaltou o parlamentar.<br><\/p>\n","protected":false},"excerpt":{"rendered":"<p>Tramita, na Assembleia Legislativa do Tocantins, um Projeto de Lei apresentado nesta quarta-feira, 14, pelo deputado estadual L\u00e9o Barbosa (Solidariedade), que estabelece a realiza\u00e7\u00e3o de Exame Anual de Sa\u00fade Mental para os membros das institui\u00e7\u00f5es integrantes da Seguran\u00e7a P\u00fablica do Estado.De acordo com a justificativa da proposi\u00e7\u00e3o, o objetivo \u00e9 que os servidores realizem acompanhamento [&hellip;]<\/p>\n","protected":false},"author":2,"featured_media":8198,"comment_status":"open","ping_status":"open","sticky":false,"template":"","format":"standard","meta":[],"categories":[8],"tags":[],"_links":{"self":[{"href":"https:\/\/dgospel.com.br\/portal\/index.php\/wp-json\/wp\/v2\/posts\/8197"}],"collection":[{"href":"https:\/\/dgospel.com.br\/portal\/index.php\/wp-json\/wp\/v2\/posts"}],"about":[{"href":"https:\/\/dgospel.com.br\/portal\/index.php\/wp-json\/wp\/v2\/types\/post"}],"author":[{"embeddable":true,"href":"https:\/\/dgospel.com.br\/portal\/index.php\/wp-json\/wp\/v2\/users\/2"}],"replies":[{"embeddable":true,"href":"https:\/\/dgospel.com.br\/portal\/index.php\/wp-json\/wp\/v2\/comments?post=8197"}],"version-history":[{"count":1,"href":"https:\/\/dgospel.com.br\/portal\/index.php\/wp-json\/wp\/v2\/posts\/8197\/revisions"}],"predecessor-version":[{"id":8199,"href":"https:\/\/dgospel.com.br\/portal\/index.php\/wp-json\/wp\/v2\/posts\/8197\/revisions\/8199"}],"wp:featuredmedia":[{"embeddable":true,"href":"https:\/\/dgospel.com.br\/portal\/index.php\/wp-json\/wp\/v2\/media\/8198"}],"wp:attachment":[{"href":"https:\/\/dgospel.com.br\/portal\/index.php\/wp-json\/wp\/v2\/media?parent=8197"}],"wp:term":[{"taxonomy":"category","embeddable":true,"href":"https:\/\/dgospel.com.br\/portal\/index.php\/wp-json\/wp\/v2\/categories?post=8197"},{"taxonomy":"post_tag","embeddable":true,"href":"https:\/\/dgospel.com.br\/portal\/index.php\/wp-json\/wp\/v2\/tags?post=8197"}],"curies":[{"name":"wp","href":"https:\/\/api.w.org\/{rel}","templated":true}]}}