{"id":8200,"date":"2021-04-15T16:32:35","date_gmt":"2021-04-15T19:32:35","guid":{"rendered":"http:\/\/dgospel.com.br\/portal\/?p=8200"},"modified":"2021-04-15T16:32:36","modified_gmt":"2021-04-15T19:32:36","slug":"cinthia-ribeiro-e-reeleita-vice-presidente-de-relacoes-institucionais-da-frente-nacional-de-prefeitos","status":"publish","type":"post","link":"https:\/\/dgospel.com.br\/portal\/index.php\/2021\/04\/15\/cinthia-ribeiro-e-reeleita-vice-presidente-de-relacoes-institucionais-da-frente-nacional-de-prefeitos\/","title":{"rendered":"Cinthia Ribeiro \u00e9 reeleita vice-presidente de Rela\u00e7\u00f5es Institucionais da Frente Nacional de Prefeitos"},"content":{"rendered":"\n<p>A prefeita de Palmas, Cinthia Ribeiro, foi reeleita e empossada nesta quinta-feira, 15, como vice-presidente de Rela\u00e7\u00f5es Institucionais da Frente Nacional de Prefeitos (FNP), entidade municipalista que representa munic\u00edpios acima de 80 mil habitantes e regi\u00f5es metropolitanas. O prefeito de Aracaju (SE), Edvaldo Nogueira, assumiu a presid\u00eancia da entidade. A reuni\u00e3o geral aconteceu de forma on-line, com a participa\u00e7\u00e3o de prefeitos e prefeitas, al\u00e9m de representantes de entidades e do diretor geral da Organiza\u00e7\u00e3o Mundial de Sa\u00fade (OMS), Tedros Adhanom Ghebreyesusz.<\/p>\n\n\n\n<p>Com a vice-presid\u00eancia de Rela\u00e7\u00f5es Institucionais, cabe \u00e0&nbsp;prefeita Cinthia Ribeiro coordenar as atividades da entidade para implementa\u00e7\u00e3o de contatos e relacionamentos com institui\u00e7\u00f5es p\u00fablicas e privadas. \u201cTenho a rica oportunidade, desde 2018, de fazer parte desta frente de fortalecimento do municipalismo brasileiro. \u00c9 nos munic\u00edpios onde tudo acontece, por isso \u00e9 t\u00e3o importante a uni\u00e3o de prefeitos e prefeitas na constru\u00e7\u00e3o de pol\u00edticas p\u00fablicas pensadas para os munic\u00edpios&#8221;, refor\u00e7ou a prefeita.<\/p>\n\n\n\n<p>Jonas Donizete, prefeito de Campinas (SP) e agora ex-presidente da entidade, fez um apanhado dos avan\u00e7os e conquistas \u00e0 frente da FNP durante a reuni\u00e3o. Destacou o crescente protagonismo da entidade nos \u00faltimos anos, que ocorreu com a constru\u00e7\u00e3o de pol\u00edticas p\u00fablicas e defesa dos munic\u00edpios.<\/p>\n\n\n\n<p>A nova diretoria executiva e o conselho fiscal foram empossados para o mandato de 2021 a 2023.<\/p>\n","protected":false},"excerpt":{"rendered":"<p>A prefeita de Palmas, Cinthia Ribeiro, foi reeleita e empossada nesta quinta-feira, 15, como vice-presidente de Rela\u00e7\u00f5es Institucionais da Frente Nacional de Prefeitos (FNP), entidade municipalista que representa munic\u00edpios acima de 80 mil habitantes e regi\u00f5es metropolitanas. O prefeito de Aracaju (SE), Edvaldo Nogueira, assumiu a presid\u00eancia da entidade. A reuni\u00e3o geral aconteceu de forma [&hellip;]<\/p>\n","protected":false},"author":2,"featured_media":8201,"comment_status":"open","ping_status":"open","sticky":false,"template":"","format":"standard","meta":[],"categories":[4],"tags":[13],"_links":{"self":[{"href":"https:\/\/dgospel.com.br\/portal\/index.php\/wp-json\/wp\/v2\/posts\/8200"}],"collection":[{"href":"https:\/\/dgospel.com.br\/portal\/index.php\/wp-json\/wp\/v2\/posts"}],"about":[{"href":"https:\/\/dgospel.com.br\/portal\/index.php\/wp-json\/wp\/v2\/types\/post"}],"author":[{"embeddable":true,"href":"https:\/\/dgospel.com.br\/portal\/index.php\/wp-json\/wp\/v2\/users\/2"}],"replies":[{"embeddable":true,"href":"https:\/\/dgospel.com.br\/portal\/index.php\/wp-json\/wp\/v2\/comments?post=8200"}],"version-history":[{"count":1,"href":"https:\/\/dgospel.com.br\/portal\/index.php\/wp-json\/wp\/v2\/posts\/8200\/revisions"}],"predecessor-version":[{"id":8202,"href":"https:\/\/dgospel.com.br\/portal\/index.php\/wp-json\/wp\/v2\/posts\/8200\/revisions\/8202"}],"wp:featuredmedia":[{"embeddable":true,"href":"https:\/\/dgospel.com.br\/portal\/index.php\/wp-json\/wp\/v2\/media\/8201"}],"wp:attachment":[{"href":"https:\/\/dgospel.com.br\/portal\/index.php\/wp-json\/wp\/v2\/media?parent=8200"}],"wp:term":[{"taxonomy":"category","embeddable":true,"href":"https:\/\/dgospel.com.br\/portal\/index.php\/wp-json\/wp\/v2\/categories?post=8200"},{"taxonomy":"post_tag","embeddable":true,"href":"https:\/\/dgospel.com.br\/portal\/index.php\/wp-json\/wp\/v2\/tags?post=8200"}],"curies":[{"name":"wp","href":"https:\/\/api.w.org\/{rel}","templated":true}]}}