{"id":8203,"date":"2021-04-15T16:45:38","date_gmt":"2021-04-15T19:45:38","guid":{"rendered":"http:\/\/dgospel.com.br\/portal\/?p=8203"},"modified":"2021-04-15T16:45:40","modified_gmt":"2021-04-15T19:45:40","slug":"justica-manda-band-reduzir-tempo-destinado-a-igrejas","status":"publish","type":"post","link":"https:\/\/dgospel.com.br\/portal\/index.php\/2021\/04\/15\/justica-manda-band-reduzir-tempo-destinado-a-igrejas\/","title":{"rendered":"Justi\u00e7a manda Band reduzir tempo destinado a igrejas"},"content":{"rendered":"\n<p> A Justi\u00e7a Federal do Rio de Janeiro determinou que a emissora\u00a0<a rel=\"noreferrer noopener\" href=\"https:\/\/pleno.news\/tag\/band\" target=\"_blank\">Band<\/a>\u00a0Rio cumpra o limite de 25% do tempo de programa\u00e7\u00e3o reservado \u00e0 comercializa\u00e7\u00e3o, ap\u00f3s identificar que a emissora estava disponibilizando mais de seis horas em sua grade para produ\u00e7\u00f5es televisivas de igrejas evang\u00e9licas. A a\u00e7\u00e3o foi acatada pela ju\u00edza Frana Elizabeth Mendes, da 26\u00aa Vara C\u00edvel. <\/p>\n\n\n\n<p> A a\u00e7\u00e3o em quest\u00e3o foi proposta pelo Minist\u00e9rio P\u00fablico Federal (<a rel=\"noreferrer noopener\" href=\"https:\/\/pleno.news\/tag\/mpf\" target=\"_blank\">MPF<\/a>), que alegou que o canal disponibiliza 5h45min de sua grade para atra\u00e7\u00f5es de igrejas evang\u00e9licas. Quando somado ao tempo reservado para a publicidade dessas institui\u00e7\u00f5es, o espa\u00e7o ocupado na grade ficaria em 6h34min. Tal fato significaria que a Band tem violado o limite de 25% estabelecido em lei. <\/p>\n\n\n\n<p>\u2013 A ultrapassagem do limite de publicidade comercial configura desvio de finalidade das concess\u00f5es e permiss\u00f5es de radiodifus\u00e3o e o enriquecimento il\u00edcito dos que comercializam os hor\u00e1rios acima dos limites legais \u2013 diz um dos trechos da senten\u00e7a da ju\u00edza.<\/p>\n\n\n\n<p>A a\u00e7\u00e3o foi movida pelo procurador regional dos Direitos do Cidad\u00e3o, Sergio Gardenghi Suiama. No documento, o representante do MPF alegou que a emissora n\u00e3o estava cumprindo sua obriga\u00e7\u00e3o de presta\u00e7\u00e3o de servi\u00e7o de radiodifus\u00e3o, que \u00e9 ter \u201c75% do tempo de sua programa\u00e7\u00e3o finalidades educativas, art\u00edsticas, culturais e informativas e \u00e0 promo\u00e7\u00e3o da cultura nacional e regional\u201d.<\/p>\n\n\n\n<p>\u2013 Se n\u00e3o houvesse essa regra, o montante de programa\u00e7\u00e3o produzida pelos concession\u00e1rios de TV tenderia a diminuir, e os programas comuns tenderiam a ser substitu\u00eddos por programas vendidos, voltados \u00e0 transmiss\u00e3o de an\u00fancios publicit\u00e1rios ou de conte\u00fado religioso, como de fato vem ocorrendo \u2013 disse o procurador.<\/p>\n","protected":false},"excerpt":{"rendered":"<p>A Justi\u00e7a Federal do Rio de Janeiro determinou que a emissora\u00a0Band\u00a0Rio cumpra o limite de 25% do tempo de programa\u00e7\u00e3o reservado \u00e0 comercializa\u00e7\u00e3o, ap\u00f3s identificar que a emissora estava disponibilizando mais de seis horas em sua grade para produ\u00e7\u00f5es televisivas de igrejas evang\u00e9licas. A a\u00e7\u00e3o foi acatada pela ju\u00edza Frana Elizabeth Mendes, da 26\u00aa Vara [&hellip;]<\/p>\n","protected":false},"author":2,"featured_media":8204,"comment_status":"open","ping_status":"open","sticky":false,"template":"","format":"standard","meta":[],"categories":[5],"tags":[],"_links":{"self":[{"href":"https:\/\/dgospel.com.br\/portal\/index.php\/wp-json\/wp\/v2\/posts\/8203"}],"collection":[{"href":"https:\/\/dgospel.com.br\/portal\/index.php\/wp-json\/wp\/v2\/posts"}],"about":[{"href":"https:\/\/dgospel.com.br\/portal\/index.php\/wp-json\/wp\/v2\/types\/post"}],"author":[{"embeddable":true,"href":"https:\/\/dgospel.com.br\/portal\/index.php\/wp-json\/wp\/v2\/users\/2"}],"replies":[{"embeddable":true,"href":"https:\/\/dgospel.com.br\/portal\/index.php\/wp-json\/wp\/v2\/comments?post=8203"}],"version-history":[{"count":1,"href":"https:\/\/dgospel.com.br\/portal\/index.php\/wp-json\/wp\/v2\/posts\/8203\/revisions"}],"predecessor-version":[{"id":8205,"href":"https:\/\/dgospel.com.br\/portal\/index.php\/wp-json\/wp\/v2\/posts\/8203\/revisions\/8205"}],"wp:featuredmedia":[{"embeddable":true,"href":"https:\/\/dgospel.com.br\/portal\/index.php\/wp-json\/wp\/v2\/media\/8204"}],"wp:attachment":[{"href":"https:\/\/dgospel.com.br\/portal\/index.php\/wp-json\/wp\/v2\/media?parent=8203"}],"wp:term":[{"taxonomy":"category","embeddable":true,"href":"https:\/\/dgospel.com.br\/portal\/index.php\/wp-json\/wp\/v2\/categories?post=8203"},{"taxonomy":"post_tag","embeddable":true,"href":"https:\/\/dgospel.com.br\/portal\/index.php\/wp-json\/wp\/v2\/tags?post=8203"}],"curies":[{"name":"wp","href":"https:\/\/api.w.org\/{rel}","templated":true}]}}