{"id":8206,"date":"2021-04-15T21:18:11","date_gmt":"2021-04-16T00:18:11","guid":{"rendered":"http:\/\/dgospel.com.br\/portal\/?p=8206"},"modified":"2021-04-15T21:18:13","modified_gmt":"2021-04-16T00:18:13","slug":"por-8-a-3-stf-anula-condenacoes-de-lula-e-torna-petista-elegivel","status":"publish","type":"post","link":"https:\/\/dgospel.com.br\/portal\/index.php\/2021\/04\/15\/por-8-a-3-stf-anula-condenacoes-de-lula-e-torna-petista-elegivel\/","title":{"rendered":"Por 8 a 3, STF anula condena\u00e7\u00f5es de Lula e torna petista eleg\u00edvel"},"content":{"rendered":"\n<p> Por 8 a 3, o Supremo Tribunal Federal (STF) decidiu nesta quinta-feira (15) derrubar as condena\u00e7\u00f5es impostas pela Opera\u00e7\u00e3o Lava Jato ao ex-presidente Luiz In\u00e1cio Lula da Silva, o que deixa o petista eleg\u00edvel e apto a disputar as pr\u00f3ximas elei\u00e7\u00f5es presidenciais. O plen\u00e1rio manteve a decis\u00e3o do relator da Lava Jato, Edson Fachin, que considerou no m\u00eas passado que a Justi\u00e7a Federal de Curitiba n\u00e3o era competente para investigar Lula, j\u00e1 que as acusa\u00e7\u00f5es levantadas contra o ex-presidente n\u00e3o diziam respeito diretamente ao esquema bilion\u00e1rio de corrup\u00e7\u00e3o na Petrobras investigado pela opera\u00e7\u00e3o. <\/p>\n\n\n\n<p> Ainda est\u00e1 em aberto se as quatro a\u00e7\u00f5es penais que miram Lula (do triplex do Guaruj\u00e1, do sitio de Atibaia e duas sobre o Instituto Lula) v\u00e3o ser encaminhadas para a Justi\u00e7a Federal do DF ou de S\u00e3o Paulo, onde ser\u00e3o retomadas e ganhar\u00e3o uma \u201cnova vida\u201d. O julgamento ser\u00e1 retomado na pr\u00f3xima quinta-feira (22), quando o plen\u00e1rio vai analisar um outro ponto delicado: se a suspei\u00e7\u00e3o do ex-juiz federal Sergio Moro vai ser arquivada ou n\u00e3o. <\/p>\n\n\n\n<p>Pelo racioc\u00ednio de Fachin, se a condena\u00e7\u00e3o assinada por Moro contra Lula na a\u00e7\u00e3o do triplex do Guaruj\u00e1 foi anulada e n\u00e3o existe mais, n\u00e3o faz mais sentido discutir a atua\u00e7\u00e3o do ex-juiz federal no caso. Mesmo assim, a Segunda Turma decidiu, por 3 a 2, declarar Moro parcial ao condenar Lula por corrup\u00e7\u00e3o passiva e lavagem de dinheiro naquela a\u00e7\u00e3o penal. Agora, a palavra final ser\u00e1 do plen\u00e1rio, que deve se dividir sobre o tema.<\/p>\n\n\n\n<p>A suspei\u00e7\u00e3o de Moro \u00e9 uma quest\u00e3o-chave para o futuro da Lava Jato e de Lula, porque os ministros v\u00e3o decidir se as provas coletadas pelo ex-magistrado podem ou n\u00e3o ser reaproveitadas ou n\u00e3o pelo futuro juiz que assumir os casos do ex-presidente. Um dos temores de investigadores \u00e9 a de que, com a declara\u00e7\u00e3o de parcialidade, haja um efeito cascata, contaminando outros processos da Lava Jato nos quais Moro atuou. Se for mantida a suspei\u00e7\u00e3o de Moro, a a\u00e7\u00e3o do triplex do Guaruj\u00e1 ter\u00e1 de voltar \u00e0 estaca zero.<\/p>\n\n\n\n<p>*Estad\u00e3o<\/p>\n","protected":false},"excerpt":{"rendered":"<p>Por 8 a 3, o Supremo Tribunal Federal (STF) decidiu nesta quinta-feira (15) derrubar as condena\u00e7\u00f5es impostas pela Opera\u00e7\u00e3o Lava Jato ao ex-presidente Luiz In\u00e1cio Lula da Silva, o que deixa o petista eleg\u00edvel e apto a disputar as pr\u00f3ximas elei\u00e7\u00f5es presidenciais. O plen\u00e1rio manteve a decis\u00e3o do relator da Lava Jato, Edson Fachin, que [&hellip;]<\/p>\n","protected":false},"author":2,"featured_media":8207,"comment_status":"open","ping_status":"open","sticky":false,"template":"","format":"standard","meta":[],"categories":[4],"tags":[14],"_links":{"self":[{"href":"https:\/\/dgospel.com.br\/portal\/index.php\/wp-json\/wp\/v2\/posts\/8206"}],"collection":[{"href":"https:\/\/dgospel.com.br\/portal\/index.php\/wp-json\/wp\/v2\/posts"}],"about":[{"href":"https:\/\/dgospel.com.br\/portal\/index.php\/wp-json\/wp\/v2\/types\/post"}],"author":[{"embeddable":true,"href":"https:\/\/dgospel.com.br\/portal\/index.php\/wp-json\/wp\/v2\/users\/2"}],"replies":[{"embeddable":true,"href":"https:\/\/dgospel.com.br\/portal\/index.php\/wp-json\/wp\/v2\/comments?post=8206"}],"version-history":[{"count":1,"href":"https:\/\/dgospel.com.br\/portal\/index.php\/wp-json\/wp\/v2\/posts\/8206\/revisions"}],"predecessor-version":[{"id":8208,"href":"https:\/\/dgospel.com.br\/portal\/index.php\/wp-json\/wp\/v2\/posts\/8206\/revisions\/8208"}],"wp:featuredmedia":[{"embeddable":true,"href":"https:\/\/dgospel.com.br\/portal\/index.php\/wp-json\/wp\/v2\/media\/8207"}],"wp:attachment":[{"href":"https:\/\/dgospel.com.br\/portal\/index.php\/wp-json\/wp\/v2\/media?parent=8206"}],"wp:term":[{"taxonomy":"category","embeddable":true,"href":"https:\/\/dgospel.com.br\/portal\/index.php\/wp-json\/wp\/v2\/categories?post=8206"},{"taxonomy":"post_tag","embeddable":true,"href":"https:\/\/dgospel.com.br\/portal\/index.php\/wp-json\/wp\/v2\/tags?post=8206"}],"curies":[{"name":"wp","href":"https:\/\/api.w.org\/{rel}","templated":true}]}}