{"id":8212,"date":"2021-04-15T22:33:28","date_gmt":"2021-04-16T01:33:28","guid":{"rendered":"http:\/\/dgospel.com.br\/portal\/?p=8212"},"modified":"2021-04-15T22:33:29","modified_gmt":"2021-04-16T01:33:29","slug":"bolsonaro-volta-a-dizer-so-deus-me-tira-da-cadeira-presidencial","status":"publish","type":"post","link":"https:\/\/dgospel.com.br\/portal\/index.php\/2021\/04\/15\/bolsonaro-volta-a-dizer-so-deus-me-tira-da-cadeira-presidencial\/","title":{"rendered":"Bolsonaro volta a dizer: \u2018S\u00f3 Deus me tira da cadeira presidencial\u2019"},"content":{"rendered":"\n<p> Nesta quinta-feira (15), o presidente Jair Bolsonaro comentou uma decis\u00e3o da ministra C\u00e1rmen L\u00facia, do Supremo Tribunal Federal (STF), que deu prazo de cinco dias para o presidente da C\u00e2mara, Arthur Lira, se manifestar sobre n\u00e3o ter aberto pedido de impeachment. Em sua tradicional live pelas redes sociais, Bolsonaro voltou a falar que s\u00f3 \u201cs\u00f3 Deus me tira da cadeira presidencial\u201d. <\/p>\n\n\n\n<p> Ele abordou a not\u00edcia logo no in\u00edcio da transmiss\u00e3o e disse acreditar que algo errado acontece h\u00e1 tempos no pa\u00eds. <\/p>\n\n\n\n<p>\u2013 Uma not\u00edcia que chegou agora. Estou custando a crer que seja verdadeira. C\u00e1rmen L\u00facia d\u00e1 5 dias o presidente da C\u00e2mara, Arthur Lira, explicar porque n\u00e3o abriu processo de impeachment contra Bolsonaro. Realmente eu acho que alguma coisa de muito errado vem acontecendo h\u00e1 muito tempo no Brasil \u2013 apontou.<\/p>\n\n\n\n<p>Bolsonaro ent\u00e3o disse que pretende encontrar Lira.<\/p>\n\n\n\n<p>\u2013 Vamos ver se processa a informa\u00e7\u00e3o. Est\u00e1 na m\u00eddia agora. [Vamos ver] Qual \u00e9 o encaminhamento que o Arthur Lira vai dar no tocando a isso, se v\u00e3o abrir processo ou n\u00e3o. E a gente vai se encontrar, n\u00e3o live, mas em outro lugar \u2013 ressaltou.<\/p>\n\n\n\n<p>Por fim, ele ele disse que n\u00e3o ir\u00e1 sair do cargo e apontou que \u201co que estamos vendo acontecer no Brasil n\u00e3o vai se concretizar\u201d.<\/p>\n\n\n\n<p>\u2013 N\u00e3o quero aqui me antecipar, falar o que acho sobre isso a\u00ed. S\u00f3 digo uma coisa, s\u00f3 Deus me tira da cadeira presidencial. E me tira, obviamente, tirando minha vida. Fora isso, o que estamos vendo acontecer no Brasil n\u00e3o vai se concretizar. N\u00e3o vai mesmo \u2013 concluiu.<\/p>\n\n\n\n<p>Fonte: leno.news<br><\/p>\n","protected":false},"excerpt":{"rendered":"<p>Nesta quinta-feira (15), o presidente Jair Bolsonaro comentou uma decis\u00e3o da ministra C\u00e1rmen L\u00facia, do Supremo Tribunal Federal (STF), que deu prazo de cinco dias para o presidente da C\u00e2mara, Arthur Lira, se manifestar sobre n\u00e3o ter aberto pedido de impeachment. Em sua tradicional live pelas redes sociais, Bolsonaro voltou a falar que s\u00f3 \u201cs\u00f3 [&hellip;]<\/p>\n","protected":false},"author":2,"featured_media":8213,"comment_status":"open","ping_status":"open","sticky":false,"template":"","format":"standard","meta":[],"categories":[4],"tags":[13,14],"_links":{"self":[{"href":"https:\/\/dgospel.com.br\/portal\/index.php\/wp-json\/wp\/v2\/posts\/8212"}],"collection":[{"href":"https:\/\/dgospel.com.br\/portal\/index.php\/wp-json\/wp\/v2\/posts"}],"about":[{"href":"https:\/\/dgospel.com.br\/portal\/index.php\/wp-json\/wp\/v2\/types\/post"}],"author":[{"embeddable":true,"href":"https:\/\/dgospel.com.br\/portal\/index.php\/wp-json\/wp\/v2\/users\/2"}],"replies":[{"embeddable":true,"href":"https:\/\/dgospel.com.br\/portal\/index.php\/wp-json\/wp\/v2\/comments?post=8212"}],"version-history":[{"count":1,"href":"https:\/\/dgospel.com.br\/portal\/index.php\/wp-json\/wp\/v2\/posts\/8212\/revisions"}],"predecessor-version":[{"id":8214,"href":"https:\/\/dgospel.com.br\/portal\/index.php\/wp-json\/wp\/v2\/posts\/8212\/revisions\/8214"}],"wp:featuredmedia":[{"embeddable":true,"href":"https:\/\/dgospel.com.br\/portal\/index.php\/wp-json\/wp\/v2\/media\/8213"}],"wp:attachment":[{"href":"https:\/\/dgospel.com.br\/portal\/index.php\/wp-json\/wp\/v2\/media?parent=8212"}],"wp:term":[{"taxonomy":"category","embeddable":true,"href":"https:\/\/dgospel.com.br\/portal\/index.php\/wp-json\/wp\/v2\/categories?post=8212"},{"taxonomy":"post_tag","embeddable":true,"href":"https:\/\/dgospel.com.br\/portal\/index.php\/wp-json\/wp\/v2\/tags?post=8212"}],"curies":[{"name":"wp","href":"https:\/\/api.w.org\/{rel}","templated":true}]}}