{"id":8218,"date":"2021-04-16T12:51:01","date_gmt":"2021-04-16T15:51:01","guid":{"rendered":"http:\/\/dgospel.com.br\/portal\/?p=8218"},"modified":"2021-04-16T12:51:03","modified_gmt":"2021-04-16T15:51:03","slug":"prefeitura-de-palmas-amplia-funcionamento-de-atividades-nao-essenciais","status":"publish","type":"post","link":"https:\/\/dgospel.com.br\/portal\/index.php\/2021\/04\/16\/prefeitura-de-palmas-amplia-funcionamento-de-atividades-nao-essenciais\/","title":{"rendered":"Prefeitura de Palmas amplia funcionamento de atividades n\u00e3o essenciais"},"content":{"rendered":"\n<p>Conforme antecipado pela prefeita Cinthia Ribeiro, em entrevista a uma emissora de TV na manh\u00e3 desta quinta-feira, 15, a Prefeitura de Palmas vai ampliar, a partir do dia 19 de abril, o funcionamento de atividades n\u00e3o essenciais. Decreto nesse sentido foi publicado nesta quinta e atribui as novas medidas, entre outros fatores, \u00e0 transi\u00e7\u00e3o de fase apontada pelo coron\u00f4metro nos \u00faltimos dias, que indica uma regress\u00e3o da transmissibilidade do novo coronav\u00edrus, com alcance de um resultado mais positivo na maioria dos indicadores de avalia\u00e7\u00e3o.<\/p>\n\n\n\n<p>Conforme o Decreto n\u00ba 2.029, que traz altera\u00e7\u00f5es no Decreto n\u00ba 2.020, de 1\u00ba de abril, restaurantes ficar\u00e3o autorizados, a partir de 19 de abril, a funcionar todos os dias da semana, mantidas as restri\u00e7\u00f5es de hor\u00e1rios e de p\u00fablico. As academias e escolas esportivas ter\u00e3o o hor\u00e1rio ampliado, podendo abrir a partir das 5 horas, mantida a limita\u00e7\u00e3o de atendimento a 30% da capacidade do estabelecimento.<\/p>\n\n\n\n<p>As novas medidas incluem regras de reabertura de segmentos como concession\u00e1rias de ve\u00edculos, shoppings centers, com\u00e9rcio de rua e galerias, cl\u00ednicas de est\u00e9tica, est\u00fadios de atendimento personalizado e padarias e similares, com hor\u00e1rios diferenciados para cada atividade.<\/p>\n\n\n\n<p>Com exce\u00e7\u00e3o dos shoppings, que continuam fechados aos s\u00e1bados e domingos, e bares, lanchonetes e similares, que poder\u00e3o funcionar todos os dias, das 8h \u00e0 zero hora, exclusivamente para entrega ou retirada no local, todos os demais segmentos comerciais com funcionamento autorizado de segunda a sexta-feira, conforme incisos do art. 1\u00ba, funcionar\u00e3o aos s\u00e1bados, das 8h ao meio-dia, exclusivamente para entrega ou retirada no local.&nbsp;<\/p>\n\n\n\n<p>Outra altera\u00e7\u00e3o trazida no decreto publicado nesta quinta diz respeito ao art. 4\u00ba do Decreto n\u00ba 2.020, em seu inciso II, que trata das atividades em ber\u00e7\u00e1rios e estabelecimentos de ensino p\u00fablicos e privados. Essas atividades presenciais continuam suspensas, exceto para os servi\u00e7os administrativos e atendimentos de sa\u00fade realizados pelas institui\u00e7\u00f5es.<\/p>\n\n\n\n<p>Confira&nbsp;<a rel=\"noreferrer noopener\" target=\"_blank\" href=\"http:\/\/diariooficial.palmas.to.gov.br\/media\/diario\/2719-15-4-2021-22-40-35.pdf\">aqui,<\/a>&nbsp;na \u00edntegra, o Decreto n\u00ba 2029 publicado hoje.<\/p>\n\n\n\n<p><strong>Monitoramento<\/strong><\/p>\n\n\n\n<p>O Decreto n\u00ba 2.032, tamb\u00e9m publicado nesta quinta-feira, traz altera\u00e7\u00e3o no Decreto n\u00ba 2.004, de 4 de mar\u00e7o, atribuindo ao secret\u00e1rio-executivo da Secretaria Municipal de Desenvolvimento Urbano e Servi\u00e7os Regionais, Higor de Sousa Franco, a presid\u00eancia da Comiss\u00e3o de Monitoramento ao cumprimento dos decretos municipais que estabelecem medidas protetivas contra a Covid-19.<br><\/p>\n","protected":false},"excerpt":{"rendered":"<p>Conforme antecipado pela prefeita Cinthia Ribeiro, em entrevista a uma emissora de TV na manh\u00e3 desta quinta-feira, 15, a Prefeitura de Palmas vai ampliar, a partir do dia 19 de abril, o funcionamento de atividades n\u00e3o essenciais. Decreto nesse sentido foi publicado nesta quinta e atribui as novas medidas, entre outros fatores, \u00e0 transi\u00e7\u00e3o de [&hellip;]<\/p>\n","protected":false},"author":2,"featured_media":8219,"comment_status":"open","ping_status":"open","sticky":false,"template":"","format":"standard","meta":[],"categories":[3],"tags":[13],"_links":{"self":[{"href":"https:\/\/dgospel.com.br\/portal\/index.php\/wp-json\/wp\/v2\/posts\/8218"}],"collection":[{"href":"https:\/\/dgospel.com.br\/portal\/index.php\/wp-json\/wp\/v2\/posts"}],"about":[{"href":"https:\/\/dgospel.com.br\/portal\/index.php\/wp-json\/wp\/v2\/types\/post"}],"author":[{"embeddable":true,"href":"https:\/\/dgospel.com.br\/portal\/index.php\/wp-json\/wp\/v2\/users\/2"}],"replies":[{"embeddable":true,"href":"https:\/\/dgospel.com.br\/portal\/index.php\/wp-json\/wp\/v2\/comments?post=8218"}],"version-history":[{"count":1,"href":"https:\/\/dgospel.com.br\/portal\/index.php\/wp-json\/wp\/v2\/posts\/8218\/revisions"}],"predecessor-version":[{"id":8220,"href":"https:\/\/dgospel.com.br\/portal\/index.php\/wp-json\/wp\/v2\/posts\/8218\/revisions\/8220"}],"wp:featuredmedia":[{"embeddable":true,"href":"https:\/\/dgospel.com.br\/portal\/index.php\/wp-json\/wp\/v2\/media\/8219"}],"wp:attachment":[{"href":"https:\/\/dgospel.com.br\/portal\/index.php\/wp-json\/wp\/v2\/media?parent=8218"}],"wp:term":[{"taxonomy":"category","embeddable":true,"href":"https:\/\/dgospel.com.br\/portal\/index.php\/wp-json\/wp\/v2\/categories?post=8218"},{"taxonomy":"post_tag","embeddable":true,"href":"https:\/\/dgospel.com.br\/portal\/index.php\/wp-json\/wp\/v2\/tags?post=8218"}],"curies":[{"name":"wp","href":"https:\/\/api.w.org\/{rel}","templated":true}]}}