{"id":822,"date":"2018-07-24T10:33:45","date_gmt":"2018-07-24T13:33:45","guid":{"rendered":"http:\/\/dgospel.com.br\/portal\/?p=822"},"modified":"2018-07-24T10:33:45","modified_gmt":"2018-07-24T13:33:45","slug":"tenho-aprendido-a-encarar-de-cara-lavada-diz-ludmila-ferber-sobre-luta-contra-o-cancer","status":"publish","type":"post","link":"https:\/\/dgospel.com.br\/portal\/index.php\/2018\/07\/24\/tenho-aprendido-a-encarar-de-cara-lavada-diz-ludmila-ferber-sobre-luta-contra-o-cancer\/","title":{"rendered":"&#8220;Tenho aprendido a encarar de cara lavada&#8221;, diz Ludmila Ferber sobre luta contra o c\u00e2ncer"},"content":{"rendered":"<p>Desde que\u00a0<strong><a href=\"https:\/\/guiame.com.br\/gospel\/mundo-cristao\/ludmila-ferber-fala-sobre-sua-luta-contra-o-cancer-estou-no-caminho-do-milagre.html\">confirmou seu diagn\u00f3stico de c\u00e2ncer<\/a><\/strong>\u00a0de pulm\u00e3o em maio deste ano, Ludmila Ferber tem enfrentado uma dif\u00edcil caminhada, por\u00e9m repleta de fortes aprendizados.<\/p>\n<p>No \u00faltimo s\u00e1bado (21), a pastora, cantora e compositora gravou um v\u00eddeo no qual compartilhou uma das principais li\u00e7\u00f5es que a luta contra o c\u00e2ncer lhe proporcionou. Apesar da apar\u00eancia claramente abatida pelos efeitos da quimioterapia e da enfermidade, ela aproveitou o breve momento para enviar uma mensagem de incentivo a todos que enfrentam alguma luta em suas vidas.<\/p>\n<p>https:\/\/www.youtube.com\/watch?v=ClL8P0Mm8Ao<\/p>\n<p>&#8220;Os desafios que voc\u00ea estiver enfrentando, por mais dolorosos e grandes e dif\u00edceis que estejam sendo&#8230; O que voc\u00ea tiver que enfrentar, eu tenho aprendido a ter que encarar de cara lavada, olhando firmemente para o autor e consumador da minha f\u00e9, porque de fato, em todas estas coisas que a gente passa, n\u00f3s somos mais do que vencedores&#8221;, disse Ludmila, retirando seus \u00f3culos escuros e o len\u00e7o que usava na cabe\u00e7a.<\/p>\n<p>A cantora e compositora finalizou o v\u00eddeo refor\u00e7ando sua mensagem de motiva\u00e7\u00e3o aos que a acompanham nas redes sociais. &#8220;Voc\u00ea vai vencer, em nome de Jesus! For\u00e7a e coragem! Deus te aben\u00e7oe&#8221;, afirmou.<\/p>\n<p><strong>Cumprimento<\/strong><\/p>\n<p>Ao que tudo indica, Ludmila est\u00e1 se dispondo a cumprir o que ela acredita ser o prop\u00f3sito maior em sua enfermidade, mostrando que apesar de toda a luta, sua f\u00e9 continua firme.<\/p>\n<p>\u201cMas eu sei que Deus quer me usar em todo esse caminho e na hora que Ele quiser, Ele vai dizer: \u2018Manifesta o que j\u00e1 est\u00e1 em voc\u00ea, a cura. Manifesto o que j\u00e1 est\u00e1 em voc\u00ea\u2019\u201d, disse a cantora em um\u00a0<strong><a href=\"https:\/\/guiame.com.br\/gospel\/mundo-cristao\/com-cancer-no-pulmao-ludmila-ferber-destaca-sua-fe-nada-vai-roubar-o-folego-de-vida.html\">depoimento dado em junho<\/a><\/strong>\u00a0deste ano.<\/p>\n<p>Fonte:\u00a0guiame<\/p>\n","protected":false},"excerpt":{"rendered":"<p>Desde que\u00a0confirmou seu diagn\u00f3stico de c\u00e2ncer\u00a0de pulm\u00e3o em maio deste ano, Ludmila Ferber tem enfrentado uma dif\u00edcil caminhada, por\u00e9m repleta de fortes aprendizados. No \u00faltimo s\u00e1bado (21), a pastora, cantora e compositora gravou um v\u00eddeo no qual compartilhou uma das principais li\u00e7\u00f5es que a luta contra o c\u00e2ncer lhe proporcionou. Apesar da apar\u00eancia claramente abatida [&hellip;]<\/p>\n","protected":false},"author":2,"featured_media":823,"comment_status":"open","ping_status":"open","sticky":false,"template":"","format":"standard","meta":[],"categories":[2,5],"tags":[],"_links":{"self":[{"href":"https:\/\/dgospel.com.br\/portal\/index.php\/wp-json\/wp\/v2\/posts\/822"}],"collection":[{"href":"https:\/\/dgospel.com.br\/portal\/index.php\/wp-json\/wp\/v2\/posts"}],"about":[{"href":"https:\/\/dgospel.com.br\/portal\/index.php\/wp-json\/wp\/v2\/types\/post"}],"author":[{"embeddable":true,"href":"https:\/\/dgospel.com.br\/portal\/index.php\/wp-json\/wp\/v2\/users\/2"}],"replies":[{"embeddable":true,"href":"https:\/\/dgospel.com.br\/portal\/index.php\/wp-json\/wp\/v2\/comments?post=822"}],"version-history":[{"count":1,"href":"https:\/\/dgospel.com.br\/portal\/index.php\/wp-json\/wp\/v2\/posts\/822\/revisions"}],"predecessor-version":[{"id":824,"href":"https:\/\/dgospel.com.br\/portal\/index.php\/wp-json\/wp\/v2\/posts\/822\/revisions\/824"}],"wp:featuredmedia":[{"embeddable":true,"href":"https:\/\/dgospel.com.br\/portal\/index.php\/wp-json\/wp\/v2\/media\/823"}],"wp:attachment":[{"href":"https:\/\/dgospel.com.br\/portal\/index.php\/wp-json\/wp\/v2\/media?parent=822"}],"wp:term":[{"taxonomy":"category","embeddable":true,"href":"https:\/\/dgospel.com.br\/portal\/index.php\/wp-json\/wp\/v2\/categories?post=822"},{"taxonomy":"post_tag","embeddable":true,"href":"https:\/\/dgospel.com.br\/portal\/index.php\/wp-json\/wp\/v2\/tags?post=822"}],"curies":[{"name":"wp","href":"https:\/\/api.w.org\/{rel}","templated":true}]}}