{"id":8221,"date":"2021-04-18T16:05:06","date_gmt":"2021-04-18T19:05:06","guid":{"rendered":"http:\/\/dgospel.com.br\/portal\/?p=8221"},"modified":"2021-04-18T16:05:08","modified_gmt":"2021-04-18T19:05:08","slug":"pt-e-partidos-de-centro-disputam-apoio-de-evangelicos-para-2022","status":"publish","type":"post","link":"https:\/\/dgospel.com.br\/portal\/index.php\/2021\/04\/18\/pt-e-partidos-de-centro-disputam-apoio-de-evangelicos-para-2022\/","title":{"rendered":"PT e partidos de centro disputam apoio de evang\u00e9licos para 2022"},"content":{"rendered":"\n<p> Importante base de apoio do presidente Jair Bolsonaro, os evang\u00e9licos podem ser decisivos na disputa presidencial de 2022. Cientes disso, os potenciais advers\u00e1rios na disputa se articulam para conquistar ao menos parte desse apoio hoje majoritariamente direcionado para a reelei\u00e7\u00e3o do presidente. Embora sem sucesso, Bolsonaro ganhou ainda mais pontos com esse eleitorado ao tentar convencer o Supremo Tribunal Federal (STF) da abertura de templos em meio \u00e0 pandemia do novo coronav\u00edrus. <\/p>\n\n\n\n<p> Do outro lado do espectro pol\u00edtico, o ex-presidente Luiz In\u00e1cio Lula da Silva se movimenta para abrir di\u00e1logo com fi\u00e9is e igrejas independentes. Entre os dois polos, candidatos de centro procuram uma brecha para se aproximar desse segmento. <\/p>\n\n\n\n<p>Interlocutores do chamado polo democr\u00e1tico \u2013 grupo que re\u00fane seis poss\u00edveis candidatos \u00e0 Presid\u00eancia, inclusive o apresentador Luciano Huck e o governador de S\u00e3o Paulo, Jo\u00e3o Doria (PSDB) -, prop\u00f5em um \u201camplo debate\u201d com os evang\u00e9licos. Um dos integrantes do polo afirmou, no entanto, que ainda \u201cvai chegar a hora\u201d de avan\u00e7ar nessa articula\u00e7\u00e3o ainda t\u00edmida.<\/p>\n\n\n\n<p>O grupo lan\u00e7ou um manifesto em defesa da democracia no fim de mar\u00e7o, que tamb\u00e9m foi assinado pelo ex-governador do Cear\u00e1 Ciro Gomes (PDT), pelo ex-ministro da Sa\u00fade Luiz Henrique Mandetta (DEM), pelo governador do Rio Grande do Sul, Eduardo Leite (PSDB), e pelo ex-candidato do Novo ao Planalto, Jo\u00e3o Amo\u00eado.<\/p>\n\n\n\n<p>\u2013 Por enquanto, n\u00e3o tem ningu\u00e9m que possa fazer frente a Bolsonaro no mundo evang\u00e9lico. Ningu\u00e9m (\u2026) Eu conhe\u00e7o essa turma toda, as grandes lideran\u00e7as [evang\u00e9licas]. N\u00e3o conhe\u00e7o um l\u00edder desses que esteja conversando com outro [presidenci\u00e1vel] ou apoiando outro(\u2026) Das grandes lideran\u00e7as, 99% apoiam Bolsonaro \u2013 afirmou o pastor Silas Malafaia, que lidera desde 2010 a Assembleia em Deus Vit\u00f3ria em Cristo<\/p>\n\n\n\n<p>Malafaia citou os pastores Jos\u00e9 Wellington Bezerra da Costa e Manoel Ferreira (Assembleia de Deus), Edir Macedo (Igreja Universal do Reino de Deus), R.R. Soares (Igreja Internacional da Gra\u00e7a de Deus) e Valdemiro Santiago (Igreja Mundial do Poder de Deus) como apoiadores de Bolsonaro, entre outros.<\/p>\n\n\n\n<p>Como revelou o Estad\u00e3o, pesquisa Ipec divulgada no m\u00eas passado, com foco no potencial de votos de cada presidenci\u00e1vel, mostrou que a maioria dos simpatizantes de Bolsonaro (53%) \u00e9 evang\u00e9lica.<\/p>\n\n\n\n<p>\u2013 Sabemos da luta ideol\u00f3gica dele (\u2026) Ele fez jus \u00e0 fidelidade eleitoral dos evang\u00e9licos \u2013 disse o deputado e te\u00f3logo S\u00f3stenes Cavalcante (DEM-RJ).<\/p>\n\n\n\n<p>Enquanto Bolsonaro tem o apoio de pastores, Lula aposta num caminho diferente: falar diretamente com os fi\u00e9is e com os pastores de igrejas independentes, que n\u00e3o s\u00e3o ligadas a nenhuma grande congrega\u00e7\u00e3o. O partido planeja um encontro nacional de evang\u00e9licos da legenda \u2013 o terceiro do tipo na hist\u00f3ria do PT \u2013 para o segundo semestre.<\/p>\n\n\n\n<p>\u2013 Nunca procuramos o apoio dos l\u00edderes. Vamos para o processo de convencimento, de milit\u00e2ncia \u2013 afirmou a deputada Benedita da Silva, uma das principais l\u00edderes evang\u00e9licas do PT.<\/p>\n\n\n\n<p>De acordo com ela, as igrejas evang\u00e9licas \u2013 especialmente as neopentecostais \u2013 possuem muitos fi\u00e9is de menor renda que foram beneficiados por pol\u00edticas sociais da era petista.<\/p>\n\n\n\n<p>Em 2010, os evang\u00e9licos representavam 22% da popula\u00e7\u00e3o do Pa\u00eds.<\/p>\n\n\n\n<p>*Estad\u00e3o<\/p>\n","protected":false},"excerpt":{"rendered":"<p>Importante base de apoio do presidente Jair Bolsonaro, os evang\u00e9licos podem ser decisivos na disputa presidencial de 2022. Cientes disso, os potenciais advers\u00e1rios na disputa se articulam para conquistar ao menos parte desse apoio hoje majoritariamente direcionado para a reelei\u00e7\u00e3o do presidente. Embora sem sucesso, Bolsonaro ganhou ainda mais pontos com esse eleitorado ao tentar [&hellip;]<\/p>\n","protected":false},"author":2,"featured_media":8222,"comment_status":"open","ping_status":"open","sticky":false,"template":"","format":"standard","meta":[],"categories":[4],"tags":[14],"_links":{"self":[{"href":"https:\/\/dgospel.com.br\/portal\/index.php\/wp-json\/wp\/v2\/posts\/8221"}],"collection":[{"href":"https:\/\/dgospel.com.br\/portal\/index.php\/wp-json\/wp\/v2\/posts"}],"about":[{"href":"https:\/\/dgospel.com.br\/portal\/index.php\/wp-json\/wp\/v2\/types\/post"}],"author":[{"embeddable":true,"href":"https:\/\/dgospel.com.br\/portal\/index.php\/wp-json\/wp\/v2\/users\/2"}],"replies":[{"embeddable":true,"href":"https:\/\/dgospel.com.br\/portal\/index.php\/wp-json\/wp\/v2\/comments?post=8221"}],"version-history":[{"count":1,"href":"https:\/\/dgospel.com.br\/portal\/index.php\/wp-json\/wp\/v2\/posts\/8221\/revisions"}],"predecessor-version":[{"id":8223,"href":"https:\/\/dgospel.com.br\/portal\/index.php\/wp-json\/wp\/v2\/posts\/8221\/revisions\/8223"}],"wp:featuredmedia":[{"embeddable":true,"href":"https:\/\/dgospel.com.br\/portal\/index.php\/wp-json\/wp\/v2\/media\/8222"}],"wp:attachment":[{"href":"https:\/\/dgospel.com.br\/portal\/index.php\/wp-json\/wp\/v2\/media?parent=8221"}],"wp:term":[{"taxonomy":"category","embeddable":true,"href":"https:\/\/dgospel.com.br\/portal\/index.php\/wp-json\/wp\/v2\/categories?post=8221"},{"taxonomy":"post_tag","embeddable":true,"href":"https:\/\/dgospel.com.br\/portal\/index.php\/wp-json\/wp\/v2\/tags?post=8221"}],"curies":[{"name":"wp","href":"https:\/\/api.w.org\/{rel}","templated":true}]}}