{"id":8228,"date":"2021-04-19T16:00:21","date_gmt":"2021-04-19T19:00:21","guid":{"rendered":"http:\/\/dgospel.com.br\/portal\/?p=8228"},"modified":"2021-04-19T16:00:22","modified_gmt":"2021-04-19T19:00:22","slug":"pcdob-e-psol-acionam-o-stf-para-exigir-lockdown-nacional","status":"publish","type":"post","link":"https:\/\/dgospel.com.br\/portal\/index.php\/2021\/04\/19\/pcdob-e-psol-acionam-o-stf-para-exigir-lockdown-nacional\/","title":{"rendered":"PCdoB e PSOL acionam o STF para exigir lockdown nacional"},"content":{"rendered":"\n<p> Os partidos Comunista do Brasil (PCdoB) e Socialismo e Liberdade (<a rel=\"noreferrer noopener\" href=\"https:\/\/pleno.news\/tag\/psol\" target=\"_blank\">PSOL<\/a>) acionaram o Supremo Tribunal Federal (<a rel=\"noreferrer noopener\" href=\"https:\/\/pleno.news\/tag\/stf\" target=\"_blank\">STF<\/a>), na \u00faltima sexta-feira (16), com uma a\u00e7\u00e3o que visa obrigar o presidente da Rep\u00fablica, Jair Bolsonaro, a criar uma comiss\u00e3o com poderes para implementar um lockdown nacional. As informa\u00e7\u00f5es foram divulgadas pela revista Veja. <\/p>\n\n\n\n<p> Um dos advogados que assinaram o pedido, feito por meio de uma A\u00e7\u00e3o Direta de Inconstitucionalidade (ADI), foi o ex-ministro da Justi\u00e7a no governo Lula, Tarso Genro. Em uma publica\u00e7\u00e3o no Twitter, Genro afirmou que a a\u00e7\u00e3o \u201cmostra a recorrente postura de inconstitucionalidade do governo Bolsonaro no tratamento da pandemia e em defesa da vida e da economia\u201d. <\/p>\n\n\n\n<p>Na a\u00e7\u00e3o, as legendas de esquerda querem que seja determinada uma cautelar para implantar \u201cprovid\u00eancias urgentes e inadi\u00e1veis necess\u00e1rias ao combate \u00e0 pandemia de Covid-19\u201d. A comiss\u00e3o seria composta por integrantes dos governos federal, estaduais e municipais, al\u00e9m de contar com representantes da comunidade cient\u00edfica.<\/p>\n\n\n\n<p>\u2013 A condu\u00e7\u00e3o do governo federal, ao longo da ocupa\u00e7\u00e3o do territ\u00f3rio nacional pelo v\u00edrus, \u00e9 an\u00e1loga \u00e0 do governo colaboracionista do general P\u00e9tain na ocupa\u00e7\u00e3o da Fran\u00e7a pelos nazistas, no curso da Segunda Guerra Mundial. A diferen\u00e7a \u00e9 que o governo brasileiro tem, ainda hoje, o apoio de uma fra\u00e7\u00e3o expressiva da popula\u00e7\u00e3o \u2013 completa o pedido.<\/p>\n","protected":false},"excerpt":{"rendered":"<p>Os partidos Comunista do Brasil (PCdoB) e Socialismo e Liberdade (PSOL) acionaram o Supremo Tribunal Federal (STF), na \u00faltima sexta-feira (16), com uma a\u00e7\u00e3o que visa obrigar o presidente da Rep\u00fablica, Jair Bolsonaro, a criar uma comiss\u00e3o com poderes para implementar um lockdown nacional. As informa\u00e7\u00f5es foram divulgadas pela revista Veja. Um dos advogados que [&hellip;]<\/p>\n","protected":false},"author":2,"featured_media":8229,"comment_status":"open","ping_status":"open","sticky":false,"template":"","format":"standard","meta":[],"categories":[4],"tags":[14],"_links":{"self":[{"href":"https:\/\/dgospel.com.br\/portal\/index.php\/wp-json\/wp\/v2\/posts\/8228"}],"collection":[{"href":"https:\/\/dgospel.com.br\/portal\/index.php\/wp-json\/wp\/v2\/posts"}],"about":[{"href":"https:\/\/dgospel.com.br\/portal\/index.php\/wp-json\/wp\/v2\/types\/post"}],"author":[{"embeddable":true,"href":"https:\/\/dgospel.com.br\/portal\/index.php\/wp-json\/wp\/v2\/users\/2"}],"replies":[{"embeddable":true,"href":"https:\/\/dgospel.com.br\/portal\/index.php\/wp-json\/wp\/v2\/comments?post=8228"}],"version-history":[{"count":1,"href":"https:\/\/dgospel.com.br\/portal\/index.php\/wp-json\/wp\/v2\/posts\/8228\/revisions"}],"predecessor-version":[{"id":8230,"href":"https:\/\/dgospel.com.br\/portal\/index.php\/wp-json\/wp\/v2\/posts\/8228\/revisions\/8230"}],"wp:featuredmedia":[{"embeddable":true,"href":"https:\/\/dgospel.com.br\/portal\/index.php\/wp-json\/wp\/v2\/media\/8229"}],"wp:attachment":[{"href":"https:\/\/dgospel.com.br\/portal\/index.php\/wp-json\/wp\/v2\/media?parent=8228"}],"wp:term":[{"taxonomy":"category","embeddable":true,"href":"https:\/\/dgospel.com.br\/portal\/index.php\/wp-json\/wp\/v2\/categories?post=8228"},{"taxonomy":"post_tag","embeddable":true,"href":"https:\/\/dgospel.com.br\/portal\/index.php\/wp-json\/wp\/v2\/tags?post=8228"}],"curies":[{"name":"wp","href":"https:\/\/api.w.org\/{rel}","templated":true}]}}