{"id":8244,"date":"2021-04-20T10:39:48","date_gmt":"2021-04-20T13:39:48","guid":{"rendered":"http:\/\/dgospel.com.br\/portal\/?p=8244"},"modified":"2021-04-20T10:39:50","modified_gmt":"2021-04-20T13:39:50","slug":"pastores-se-reunem-com-bolsonaro-para-orar-e-falar-sobre-a-igreja-e-o-brasil","status":"publish","type":"post","link":"https:\/\/dgospel.com.br\/portal\/index.php\/2021\/04\/20\/pastores-se-reunem-com-bolsonaro-para-orar-e-falar-sobre-a-igreja-e-o-brasil\/","title":{"rendered":"Pastores se re\u00fanem com Bolsonaro para orar e falar \u201csobre a Igreja e o Brasil\u201d"},"content":{"rendered":"\n<p>O presidente Jair Bolsonaro recebeu na tarde de segunda-feira (19) diversos pastores e l\u00edderes da nova gera\u00e7\u00e3o, que se reuniram no&nbsp;<a href=\"https:\/\/guiame.com.br\/gospel\/noticias\/lideres-evangelicos-se-reunem-com-bolsonaro-e-declaram-jejum-pela-nacao.html\"><strong>Pal\u00e1cio do Planalto<\/strong><\/a>&nbsp;para orar e conversar sobre o Brasil e a Igreja.<\/p>\n\n\n\n<p>O encontro foi marcado pelo pastor F\u00e1bio Sousa, da Igreja Fonte da Vida, que \u00e9 ex-deputado federal, e contou com a presen\u00e7a de 19 pastores e l\u00edderes.<\/p>\n\n\n\n<p>Entre eles, estavam Arthur Pereira, C\u00e9sar Bianco, David Augusto Fernandes de Sousa, David Miranda Neto, Eduardo Nunes, Fred Arrais, Guilherme Rebustini, Leandro Barreto, Luca Martini, Michel Piragine, Nelson J\u00fanior, Pastor Lip\u00e3o, Gilberto Ara\u00fajo, Gustavo Paiva, Norberto Neto, Silas Malafaia Filho, Paulo Sousa de Fran\u00e7a J\u00fanior, Pedro Paulo Rosa e Samuel Cavalcanti.<\/p>\n\n\n\n<p>Al\u00e9m do presidente da Rep\u00fablica, tamb\u00e9m estiveram presentes os ministros Luiz Eduardo Ramos, Chefe da Casa Civil; F\u00e1bio Faria, das Comunica\u00e7\u00f5es; Damares Alves, da Mulher, da Fam\u00edlia e dos Direitos Humanos; Onyx Lorenzoni, da Secretaria-Geral da Presid\u00eancia da Rep\u00fablica e Andr\u00e9 Mendon\u00e7a, advogado-geral da Uni\u00e3o.<\/p>\n\n\n\n<p>Mais cedo, Jair Bolsonaro havia tido um encontro com o pastor Silas Malafaia, representando o Conselho Interdenominacional de Ministros Evang\u00e9licos do Brasil (CIMEB).&nbsp;<\/p>\n\n\n\n<figure class=\"wp-block-image\"><img src=\"https:\/\/thumbor.guiame.com.br\/unsafe\/smart\/https:\/\/media.guiame.com.br\/archives\/2021\/04\/20\/4028174051-.png\" alt=\"\"\/><\/figure>\n\n\n\n<p><br><sup>Presidente Jair Bolsonaro em encontro com o pastor Silas Malafaia. (Foto: Isac N\u00f3brega\/PR)<\/sup><\/p>\n\n\n\n<p>De acordo com o&nbsp;<a href=\"https:\/\/guiame.com.br\/gospel\/mundo-cristao\/pastor-lipao-conta-sobre-o-periodo-que-esteve-afastado-da-fe-eu-estava-cetico.html\"><strong>pastor Lip\u00e3o<\/strong><\/a>, fundador da Igreja Onda Dura, durante cerca de 2 horas, os l\u00edderes crist\u00e3os conversaram com Bolsonaro e seus ministros \u201csobre a igreja e o Brasil, em uma conversa super agrad\u00e1vel e humana\u201d. Em relato no Instagram, ele disse ainda que \u201cno fim, oramos juntos pelo Brasil no Pal\u00e1cio do Planalto\u201d.<\/p>\n\n\n\n<p>Ele tamb\u00e9m compartilhou sua mensagem ao presidente, que foi dividida por ele em tr\u00eas pontos:<\/p>\n\n\n\n<p>1. SOBERANIA: Deus deu a autoridade que voc\u00ea tem;<\/p>\n\n\n\n<p>2. HUMILDADE: Tenha temor no exerc\u00edcio dessa autoridade porque n\u00e3o \u00e9 somente aos homens, mas tamb\u00e9m a Deus que voc\u00ea responder\u00e1 por ela;<\/p>\n\n\n\n<p>3. SUBMISS\u00c3O: Deus d\u00e1 e Deus tira conforme Lhe agradar, porque Ele \u00e9 o verdadeiro Rei dos reis.<\/p>\n\n\n\n<p>Em um momento de divis\u00e3o pol\u00edtica, Lip\u00e3o ainda incentivou os crist\u00e3os a orar por todos os governantes, \u201cdesde os da esquerda, at\u00e9 os da direita\u201d.<\/p>\n\n\n\n<p>\u201cSe eu apoio o Bolsonaro? Para mim, e para n\u00f3s crist\u00e3os, n\u00e3o dever\u00edamos rebaixar o cristianismo a partidos e candidatos pol\u00edticos, nosso Reino \u00e9 do alto. Como o Rev. Andr\u00e9 Mendon\u00e7a falou hoje na nossa reuni\u00e3o: \u2018A cadeira presidencial \u00e9 tempor\u00e1ria, mas a Igreja est\u00e1 a\u00ed h\u00e1 2000 anos. O cristianismo est\u00e1 acima da pol\u00edtica\u2019\u201d, relatou Lip\u00e3o.&nbsp;<\/p>\n\n\n\n<figure class=\"wp-block-image\"><img src=\"https:\/\/thumbor.guiame.com.br\/unsafe\/smart\/https:\/\/media.guiame.com.br\/archives\/2021\/04\/20\/1583572442-.jpg\" alt=\"\"\/><\/figure>\n\n\n\n<p><br><sup>Presidente Jair Bolsonaro ao lado do pastor Lip\u00e3o, da Igreja Onda Dura. (Foto: Instagram\/Pastor Lip\u00e3o)<\/sup>&nbsp;<\/p>\n\n\n\n<p>O pastor de Santa Catarina ainda lembrou do texto de \u202d\u202d1 Tim\u00f3teo\u202c \u202d2:1-2\u202c, que diz: \u201cEm primeiro lugar, recomendo que sejam feitas peti\u00e7\u00f5es, ora\u00e7\u00f5es, intercess\u00f5es e a\u00e7\u00f5es de gra\u00e7a em favor de todos, em favor dos reis e de todos que exercem autoridade, para que tenhamos uma vida pac\u00edfica e tranquila, caracterizada por devo\u00e7\u00e3o e dignidade.\u201d<\/p>\n\n\n\n<p>\u201cComo crist\u00e3os fomos chamados para ser a favor da paz e a favor da na\u00e7\u00e3o. N\u00e3o fomos chamados para fazer guerra, mas para orar confiando em um Deus que \u00e9 sobre tudo e todos\u201d, observa Lip\u00e3o. \u201cN\u00e3o dever\u00edamos ser rasteiros como as pessoas do mundo s\u00e3o, mas devemos ser como a cor\u00e7a que n\u00e3o se suja com a lama do mundo em discursos hist\u00e9ricos e id\u00f3latras.\u201d<\/p>\n\n\n\n<p>Ele tamb\u00e9m destacou que a esperan\u00e7a dos crist\u00e3os n\u00e3o deve estar \u201cnas autoridades humanas, mas no Deus que concede autoridade a alguns homens de acordo com seus des\u00edgnios.\u201d<\/p>\n\n\n\n<p>\u201cOre pelo Brasil! Em quem voc\u00ea vai votar \u00e9 um problema seu, orar pelos nossos governantes \u00e9 um problema de todos os crist\u00e3os\u201d, finalizou.<\/p>\n","protected":false},"excerpt":{"rendered":"<p>O presidente Jair Bolsonaro recebeu na tarde de segunda-feira (19) diversos pastores e l\u00edderes da nova gera\u00e7\u00e3o, que se reuniram no&nbsp;Pal\u00e1cio do Planalto&nbsp;para orar e conversar sobre o Brasil e a Igreja. O encontro foi marcado pelo pastor F\u00e1bio Sousa, da Igreja Fonte da Vida, que \u00e9 ex-deputado federal, e contou com a presen\u00e7a de [&hellip;]<\/p>\n","protected":false},"author":2,"featured_media":8245,"comment_status":"open","ping_status":"open","sticky":false,"template":"","format":"standard","meta":[],"categories":[5],"tags":[13,14],"_links":{"self":[{"href":"https:\/\/dgospel.com.br\/portal\/index.php\/wp-json\/wp\/v2\/posts\/8244"}],"collection":[{"href":"https:\/\/dgospel.com.br\/portal\/index.php\/wp-json\/wp\/v2\/posts"}],"about":[{"href":"https:\/\/dgospel.com.br\/portal\/index.php\/wp-json\/wp\/v2\/types\/post"}],"author":[{"embeddable":true,"href":"https:\/\/dgospel.com.br\/portal\/index.php\/wp-json\/wp\/v2\/users\/2"}],"replies":[{"embeddable":true,"href":"https:\/\/dgospel.com.br\/portal\/index.php\/wp-json\/wp\/v2\/comments?post=8244"}],"version-history":[{"count":1,"href":"https:\/\/dgospel.com.br\/portal\/index.php\/wp-json\/wp\/v2\/posts\/8244\/revisions"}],"predecessor-version":[{"id":8246,"href":"https:\/\/dgospel.com.br\/portal\/index.php\/wp-json\/wp\/v2\/posts\/8244\/revisions\/8246"}],"wp:featuredmedia":[{"embeddable":true,"href":"https:\/\/dgospel.com.br\/portal\/index.php\/wp-json\/wp\/v2\/media\/8245"}],"wp:attachment":[{"href":"https:\/\/dgospel.com.br\/portal\/index.php\/wp-json\/wp\/v2\/media?parent=8244"}],"wp:term":[{"taxonomy":"category","embeddable":true,"href":"https:\/\/dgospel.com.br\/portal\/index.php\/wp-json\/wp\/v2\/categories?post=8244"},{"taxonomy":"post_tag","embeddable":true,"href":"https:\/\/dgospel.com.br\/portal\/index.php\/wp-json\/wp\/v2\/tags?post=8244"}],"curies":[{"name":"wp","href":"https:\/\/api.w.org\/{rel}","templated":true}]}}