{"id":8247,"date":"2021-04-20T10:43:10","date_gmt":"2021-04-20T13:43:10","guid":{"rendered":"http:\/\/dgospel.com.br\/portal\/?p=8247"},"modified":"2021-04-20T10:43:11","modified_gmt":"2021-04-20T13:43:11","slug":"carlesse-edita-medida-provisoria-assegurando-pagamento-das-promocoes-militares-a-partir-de-janeiro-de-2022","status":"publish","type":"post","link":"https:\/\/dgospel.com.br\/portal\/index.php\/2021\/04\/20\/carlesse-edita-medida-provisoria-assegurando-pagamento-das-promocoes-militares-a-partir-de-janeiro-de-2022\/","title":{"rendered":"Carlesse edita Medida Provis\u00f3ria assegurando pagamento das promo\u00e7\u00f5es militares a partir de janeiro de 2022"},"content":{"rendered":"\n<p>A partir de janeiro de 2022, o Governo do Tocantins realizar\u00e1 os pagamentos referentes \u00e0s promo\u00e7\u00f5es da Pol\u00edcia Militar (PM) e do Corpo de Bombeiros Militar (CBM), que v\u00e3o ocorrer em 21 de abril deste ano. \u00c9 o que assegura a Medida Provis\u00f3ria (MP)&nbsp;n\u00ba 9&nbsp;editada pelo governador do Tocantins, Mauro Carlesse, e publicada no Di\u00e1rio Oficial do Estado (DOE), edi\u00e7\u00e3o desta segunda-feira, 19. A MP tamb\u00e9m foi encaminhada para aprecia\u00e7\u00e3o e vota\u00e7\u00e3o na Assembleia Legislativa (Aleto).<\/p>\n\n\n\n<p>Em mensagem ao presidente da Casa de Leis, deputado Antonio Andrade, o Chefe do Executivo Estadual ressaltou que, conforme a Constitui\u00e7\u00e3o Federal, as promo\u00e7\u00f5es dos militares devem ocorrer anualmente e exclusivamente no dia 21 de abril, e que o pagamento ocorrer\u00e1 a partir de janeiro de 2022. \u201cA partir de agora, seguem as etapas de estudo, planejamento e verifica\u00e7\u00e3o da capacidade or\u00e7ament\u00e1ria, tudo isso em conformidade com a Lei de Responsabilidade Fiscal, para que possamos proceder o pagamento dessas promo\u00e7\u00f5es que s\u00e3o um direito e um reconhecimento pelos servi\u00e7os prestados por essas corpora\u00e7\u00f5es, que s\u00e3o orgulho do Tocantins\u201d, destaca.<\/p>\n\n\n\n<p>Conforme a MP, o militar que preencher os requisitos de transfer\u00eancia para reserva remunerada no per\u00edodo de abril de 2021 a mar\u00e7o de 2022 far\u00e1 jus \u00e0 implementa\u00e7\u00e3o de proventos pelo Instituto de Gest\u00e3o Previdenci\u00e1ria do Estado do Tocantins (Igeprev), em conformidade com a Lei Estadual n\u00ba 1.614\/05.<\/p>\n\n\n\n<p>Al\u00e9m disso, a MP modifica o tempo m\u00ednimo de perman\u00eancia na Gradua\u00e7\u00e3o de 1\u00ba Sargento e subsequente promo\u00e7\u00e3o ao grau hier\u00e1rquico imediato na carreira de Pra\u00e7as, que antes era de 36 meses, e agora, passa a ser 24 meses. Entretanto, essa altera\u00e7\u00e3o produzir\u00e1 efeito financeiro a partir de janeiro de 2022, tamb\u00e9m observada&nbsp;a capacidade or\u00e7ament\u00e1rio-financeira e legal do Estado.<\/p>\n","protected":false},"excerpt":{"rendered":"<p>A partir de janeiro de 2022, o Governo do Tocantins realizar\u00e1 os pagamentos referentes \u00e0s promo\u00e7\u00f5es da Pol\u00edcia Militar (PM) e do Corpo de Bombeiros Militar (CBM), que v\u00e3o ocorrer em 21 de abril deste ano. \u00c9 o que assegura a Medida Provis\u00f3ria (MP)&nbsp;n\u00ba 9&nbsp;editada pelo governador do Tocantins, Mauro Carlesse, e publicada no Di\u00e1rio [&hellip;]<\/p>\n","protected":false},"author":2,"featured_media":8248,"comment_status":"open","ping_status":"open","sticky":false,"template":"","format":"standard","meta":[],"categories":[4],"tags":[13],"_links":{"self":[{"href":"https:\/\/dgospel.com.br\/portal\/index.php\/wp-json\/wp\/v2\/posts\/8247"}],"collection":[{"href":"https:\/\/dgospel.com.br\/portal\/index.php\/wp-json\/wp\/v2\/posts"}],"about":[{"href":"https:\/\/dgospel.com.br\/portal\/index.php\/wp-json\/wp\/v2\/types\/post"}],"author":[{"embeddable":true,"href":"https:\/\/dgospel.com.br\/portal\/index.php\/wp-json\/wp\/v2\/users\/2"}],"replies":[{"embeddable":true,"href":"https:\/\/dgospel.com.br\/portal\/index.php\/wp-json\/wp\/v2\/comments?post=8247"}],"version-history":[{"count":1,"href":"https:\/\/dgospel.com.br\/portal\/index.php\/wp-json\/wp\/v2\/posts\/8247\/revisions"}],"predecessor-version":[{"id":8249,"href":"https:\/\/dgospel.com.br\/portal\/index.php\/wp-json\/wp\/v2\/posts\/8247\/revisions\/8249"}],"wp:featuredmedia":[{"embeddable":true,"href":"https:\/\/dgospel.com.br\/portal\/index.php\/wp-json\/wp\/v2\/media\/8248"}],"wp:attachment":[{"href":"https:\/\/dgospel.com.br\/portal\/index.php\/wp-json\/wp\/v2\/media?parent=8247"}],"wp:term":[{"taxonomy":"category","embeddable":true,"href":"https:\/\/dgospel.com.br\/portal\/index.php\/wp-json\/wp\/v2\/categories?post=8247"},{"taxonomy":"post_tag","embeddable":true,"href":"https:\/\/dgospel.com.br\/portal\/index.php\/wp-json\/wp\/v2\/tags?post=8247"}],"curies":[{"name":"wp","href":"https:\/\/api.w.org\/{rel}","templated":true}]}}