{"id":8253,"date":"2021-04-20T10:49:30","date_gmt":"2021-04-20T13:49:30","guid":{"rendered":"http:\/\/dgospel.com.br\/portal\/?p=8253"},"modified":"2021-04-20T10:49:31","modified_gmt":"2021-04-20T13:49:31","slug":"policia-civil-desmonta-ponto-de-armazenagem-e-distribuicao-de-drogas-e-prende-suspeitos-pelo-crime-de-trafico-na-regiao-sul-de-palmas","status":"publish","type":"post","link":"https:\/\/dgospel.com.br\/portal\/index.php\/2021\/04\/20\/policia-civil-desmonta-ponto-de-armazenagem-e-distribuicao-de-drogas-e-prende-suspeitos-pelo-crime-de-trafico-na-regiao-sul-de-palmas\/","title":{"rendered":"Pol\u00edcia Civil desmonta ponto de armazenagem e distribui\u00e7\u00e3o de drogas e prende suspeitos pelo crime de tr\u00e1fico na regi\u00e3o sul de Palmas"},"content":{"rendered":"\n<p>Sete Kg de maconha e aproximadamente 1 kg de crack foram apreendidos na noite dessa segunda-feira, 19, no setor Aureny IV, regi\u00e3o sul de Palmas, em uma a\u00e7\u00e3o da 1\u00aa Divis\u00e3o Especializada de Repress\u00e3o a Narc\u00f3ticos (1\u00aa Denarc &#8211; Palmas) da Pol\u00edcia Civil do Tocantins. A a\u00e7\u00e3o que retirou de circula\u00e7\u00e3o um quantitativo de drogas avaliadas em aproximadamente R$ 25 mil, resultou tamb\u00e9m na pris\u00e3o em flagrante de dois homens pelo crime de tr\u00e1fico de drogas.<\/p>\n\n\n\n<p>De acordo com o delegado-chefe da 1\u00aa Denarc de Palmas, Enio Walc\u00e1cer de Oliveira Filho, as investiga\u00e7\u00f5es come\u00e7aram quando o N\u00facleo de Intelig\u00eancia Policial da unidade especializada identificou um respons\u00e1vel por armazenar e distribuir drogas para uma fac\u00e7\u00e3o criminosa na regi\u00e3o sul da Capital.&nbsp;O delegado explicou que cruzamentos de dados possibilitou a identifica\u00e7\u00e3o de um local naquele bairro que seria usado para a estocagem e distribui\u00e7\u00e3o.<\/p>\n\n\n\n<p>Logo, a busca foi empreendida em uma kitnet naquele setor por agentes da 1\u00aa Denarc, resultando na apreens\u00e3o da droga e na pris\u00e3o de dois homens que, ap\u00f3s os procedimentos legais cab\u00edveis, foram recolhidos \u00e0 Casa de Pris\u00e3o Provis\u00f3ria de Palmas (CPPP), onde permanecer\u00e3o \u00e0 disposi\u00e7\u00e3o do Poder Judici\u00e1rio.&nbsp;<\/p>\n","protected":false},"excerpt":{"rendered":"<p>Sete Kg de maconha e aproximadamente 1 kg de crack foram apreendidos na noite dessa segunda-feira, 19, no setor Aureny IV, regi\u00e3o sul de Palmas, em uma a\u00e7\u00e3o da 1\u00aa Divis\u00e3o Especializada de Repress\u00e3o a Narc\u00f3ticos (1\u00aa Denarc &#8211; Palmas) da Pol\u00edcia Civil do Tocantins. A a\u00e7\u00e3o que retirou de circula\u00e7\u00e3o um quantitativo de drogas [&hellip;]<\/p>\n","protected":false},"author":2,"featured_media":8254,"comment_status":"open","ping_status":"open","sticky":false,"template":"","format":"standard","meta":[],"categories":[3],"tags":[13],"_links":{"self":[{"href":"https:\/\/dgospel.com.br\/portal\/index.php\/wp-json\/wp\/v2\/posts\/8253"}],"collection":[{"href":"https:\/\/dgospel.com.br\/portal\/index.php\/wp-json\/wp\/v2\/posts"}],"about":[{"href":"https:\/\/dgospel.com.br\/portal\/index.php\/wp-json\/wp\/v2\/types\/post"}],"author":[{"embeddable":true,"href":"https:\/\/dgospel.com.br\/portal\/index.php\/wp-json\/wp\/v2\/users\/2"}],"replies":[{"embeddable":true,"href":"https:\/\/dgospel.com.br\/portal\/index.php\/wp-json\/wp\/v2\/comments?post=8253"}],"version-history":[{"count":1,"href":"https:\/\/dgospel.com.br\/portal\/index.php\/wp-json\/wp\/v2\/posts\/8253\/revisions"}],"predecessor-version":[{"id":8255,"href":"https:\/\/dgospel.com.br\/portal\/index.php\/wp-json\/wp\/v2\/posts\/8253\/revisions\/8255"}],"wp:featuredmedia":[{"embeddable":true,"href":"https:\/\/dgospel.com.br\/portal\/index.php\/wp-json\/wp\/v2\/media\/8254"}],"wp:attachment":[{"href":"https:\/\/dgospel.com.br\/portal\/index.php\/wp-json\/wp\/v2\/media?parent=8253"}],"wp:term":[{"taxonomy":"category","embeddable":true,"href":"https:\/\/dgospel.com.br\/portal\/index.php\/wp-json\/wp\/v2\/categories?post=8253"},{"taxonomy":"post_tag","embeddable":true,"href":"https:\/\/dgospel.com.br\/portal\/index.php\/wp-json\/wp\/v2\/tags?post=8253"}],"curies":[{"name":"wp","href":"https:\/\/api.w.org\/{rel}","templated":true}]}}