{"id":8259,"date":"2021-04-20T12:21:39","date_gmt":"2021-04-20T15:21:39","guid":{"rendered":"http:\/\/dgospel.com.br\/portal\/?p=8259"},"modified":"2021-04-20T12:21:41","modified_gmt":"2021-04-20T15:21:41","slug":"pgr-governadores-sao-cobrados-sobre-uso-de-verbas-na-pandemia","status":"publish","type":"post","link":"https:\/\/dgospel.com.br\/portal\/index.php\/2021\/04\/20\/pgr-governadores-sao-cobrados-sobre-uso-de-verbas-na-pandemia\/","title":{"rendered":"PGR: Governadores s\u00e3o cobrados sobre uso de verbas na pandemia"},"content":{"rendered":"\n<p> Al\u00e9m de terem sido cobrados pela Procuradoria Geral da Rep\u00fablica (PGR) quanto a apresentar informa\u00e7\u00f5es sobre o ritmo de vacina\u00e7\u00e3o contra a\u00a0<a rel=\"noreferrer noopener\" href=\"https:\/\/pleno.news\/tag\/covid-19\" target=\"_blank\">Covid-19<\/a>, todos os 27 governadores dever\u00e3o explicar o uso de verbas no enfrentamento da pandemia. <\/p>\n\n\n\n<p> Os governantes receberam of\u00edcios da PGR ap\u00f3s a instala\u00e7\u00e3o da CPI da Covid no Senado, que vai investigar as atua\u00e7\u00f5es na crise sanit\u00e1ria. <\/p>\n\n\n\n<p>Foram requisitados esclarecimentos complementares depois que uma primeira leva de informa\u00e7\u00f5es foi considerada \u201cinsuficiente\u201d ou \u201cincompleta\u201d pela C\u00e2mara de Direitos Sociais e Fiscaliza\u00e7\u00e3o de Atos Administrativos em Geral do Minist\u00e9rio P\u00fablico Federal.<\/p>\n\n\n\n<p>Nos documentos, a subprocuradora-geral da Rep\u00fablica Lind\u00f4ra Ara\u00fajo envia perguntas relacionadas, por exemplo, ao fechamento de hospitais de campanha, montados para tratar pacientes com Covid-19, e aos gastos com insumos e equipamentos das estruturas desativadas.<\/p>\n\n\n\n<p>Lind\u00f4ra tamb\u00e9m pede esclarecimentos sobre o uso de repasses federais, na linha das acusa\u00e7\u00f5es feitas por Bolsonaro, que levantou desconfian\u00e7a sobre supostos desvios de recursos da Sa\u00fade.<\/p>\n\n\n\n<p>No final de fevereiro, o presidente publicou nas redes sociais uma lista com valores enviados pela Uni\u00e3o para cada estado em 2020.<\/p>\n\n\n\n<p>*Estad\u00e3o<\/p>\n","protected":false},"excerpt":{"rendered":"<p>Al\u00e9m de terem sido cobrados pela Procuradoria Geral da Rep\u00fablica (PGR) quanto a apresentar informa\u00e7\u00f5es sobre o ritmo de vacina\u00e7\u00e3o contra a\u00a0Covid-19, todos os 27 governadores dever\u00e3o explicar o uso de verbas no enfrentamento da pandemia. Os governantes receberam of\u00edcios da PGR ap\u00f3s a instala\u00e7\u00e3o da CPI da Covid no Senado, que vai investigar as [&hellip;]<\/p>\n","protected":false},"author":2,"featured_media":8260,"comment_status":"open","ping_status":"open","sticky":false,"template":"","format":"standard","meta":[],"categories":[4],"tags":[14],"_links":{"self":[{"href":"https:\/\/dgospel.com.br\/portal\/index.php\/wp-json\/wp\/v2\/posts\/8259"}],"collection":[{"href":"https:\/\/dgospel.com.br\/portal\/index.php\/wp-json\/wp\/v2\/posts"}],"about":[{"href":"https:\/\/dgospel.com.br\/portal\/index.php\/wp-json\/wp\/v2\/types\/post"}],"author":[{"embeddable":true,"href":"https:\/\/dgospel.com.br\/portal\/index.php\/wp-json\/wp\/v2\/users\/2"}],"replies":[{"embeddable":true,"href":"https:\/\/dgospel.com.br\/portal\/index.php\/wp-json\/wp\/v2\/comments?post=8259"}],"version-history":[{"count":1,"href":"https:\/\/dgospel.com.br\/portal\/index.php\/wp-json\/wp\/v2\/posts\/8259\/revisions"}],"predecessor-version":[{"id":8261,"href":"https:\/\/dgospel.com.br\/portal\/index.php\/wp-json\/wp\/v2\/posts\/8259\/revisions\/8261"}],"wp:featuredmedia":[{"embeddable":true,"href":"https:\/\/dgospel.com.br\/portal\/index.php\/wp-json\/wp\/v2\/media\/8260"}],"wp:attachment":[{"href":"https:\/\/dgospel.com.br\/portal\/index.php\/wp-json\/wp\/v2\/media?parent=8259"}],"wp:term":[{"taxonomy":"category","embeddable":true,"href":"https:\/\/dgospel.com.br\/portal\/index.php\/wp-json\/wp\/v2\/categories?post=8259"},{"taxonomy":"post_tag","embeddable":true,"href":"https:\/\/dgospel.com.br\/portal\/index.php\/wp-json\/wp\/v2\/tags?post=8259"}],"curies":[{"name":"wp","href":"https:\/\/api.w.org\/{rel}","templated":true}]}}