{"id":8262,"date":"2021-04-20T12:28:03","date_gmt":"2021-04-20T15:28:03","guid":{"rendered":"http:\/\/dgospel.com.br\/portal\/?p=8262"},"modified":"2021-04-20T12:28:05","modified_gmt":"2021-04-20T15:28:05","slug":"pais-montam-sala-de-aula-na-praca-dos-girassois-para-pedir-retorno-das-atividades-presenciais-em-escolas-particulares","status":"publish","type":"post","link":"https:\/\/dgospel.com.br\/portal\/index.php\/2021\/04\/20\/pais-montam-sala-de-aula-na-praca-dos-girassois-para-pedir-retorno-das-atividades-presenciais-em-escolas-particulares\/","title":{"rendered":"Pais montam &#8216;sala de aula&#8217; na pra\u00e7a dos Girass\u00f3is para pedir retorno das atividades presenciais em escolas particulares"},"content":{"rendered":"\n<p>Uma &#8216;sala de aula&#8217; com cadeiras vazias foi montada na pra\u00e7a dos Girass\u00f3is, em Palmas, na manh\u00e3 desta ter\u00e7a-feira (20), como forma de protesto. A manifesta\u00e7\u00e3o \u00e9 realizada por pais de alunos, que pedem o retorno das aulas presenciais, nas escolas particulares.Em dezembro do ano passado, o\u00a0<a href=\"https:\/\/g1.globo.com\/to\/tocantins\/noticia\/2020\/12\/09\/prefeitura-de-palmas-autoriza-aulas-presenciais-na-rede-particular-e-reabertura-de-cinemas.ghtml\">munic\u00edpio chegou a anunciar o retorno das aulas presenciais na rede particular<\/a>\u00a0a partir de 2021. A previs\u00e3o, na \u00e9poca,\u00a0<a href=\"https:\/\/g1.globo.com\/to\/tocantins\/noticia\/2020\/12\/10\/prefeitura-de-palmas-preve-retomada-de-aulas-presenciais-para-fevereiro-na-rede-municipal.ghtml\">era de que as atividades na rede municipal tamb\u00e9m retomariam<\/a>\u00a0em fevereiro.<\/p>\n\n\n\n<p>No in\u00edcio do ano, o&nbsp;<strong>G1<\/strong>&nbsp;mostrou que&nbsp;<a href=\"https:\/\/g1.globo.com\/to\/tocantins\/noticia\/2021\/01\/06\/escolas-da-rede-particular-de-palmas-se-preparam-para-inicio-das-aulas-presenciais-em-2021.ghtml\">as institui\u00e7\u00f5es fizeram as adapta\u00e7\u00f5es necess\u00e1rias para receber os alunos<\/a>&nbsp;durante a pandemia e comemoram a libera\u00e7\u00e3o do servi\u00e7o. Na capital s\u00e3o cerca de 70 escolas particulares, com 15 mil alunos e cinco mil profissionais. No entanto,&nbsp;<a href=\"https:\/\/g1.globo.com\/to\/tocantins\/noticia\/2021\/02\/26\/prefeitura-suspende-aulas-presenciais-e-limita-lotacao-no-transporte-publico-apos-aumento-dos-casos-de-covid-19.ghtml\">em fevereiro, houve a publica\u00e7\u00e3o de um decreto suspendendo a realiza\u00e7\u00e3o de aulas presenciais<\/a>&nbsp;em institui\u00e7\u00f5es p\u00fablicas e privadas da cidade.<\/p>\n\n\n\n<p>Os pais, com apoio dos donos de escolas, levaram cadeiras para a pra\u00e7a e fizeram c\u00edrculos, como \u00e9 feito nas escolas. Colocaram bal\u00f5es de cor preta e cartazes dizendo que com as escolas fechadas, estudantes est\u00e3o apresentando dist\u00farbios nervoso e do sono.<\/p>\n\n\n\n\n\n<p>A nutricionista Melissa Montemor \u00e9 uma das organizadoras da manifesta\u00e7\u00e3o. M\u00e3e de uma adolescente de 13 anos, ela conta que a filha n\u00e3o se adaptou ao ensino remoto.<\/p>\n\n\n\n<p>&#8220;Por mais que estejamos tentando, n\u00e3o \u00e9 como a aula presencial. Eu n\u00e3o consigo manter minha filha empolgada, est\u00e1 sendo imposs\u00edvel. Essa \u00e9 a mesma situa\u00e7\u00e3o enfrentada por outros pais. A pergunta \u00e9: por que n\u00e3o estamos tendo op\u00e7\u00e3o de escolha do ensino h\u00edbrido?&#8221;, questionou.<\/p>\n\n\n\n<p>Na modalidade h\u00edbrida ou semipresencial, estudantes se dividem em duas turmas e se revezam, semanalmente, entre aulas na escola e atividades sem casa. Em Aragua\u00edna,&nbsp;<a href=\"https:\/\/g1.globo.com\/to\/tocantins\/noticia\/2021\/04\/19\/alunos-das-tres-primeiras-series-do-ensino-fundamental-retomam-aulas-presenciais-em-araguaina.ghtml\">os alunos da zona rural e os da zona urbana j\u00e1 retomaram as aulas nesse formato.<\/a><\/p>\n\n\n\n<p>&#8220;Fizemos uma sala de aula na pra\u00e7a para mostrar que as salas est\u00e3o vazias. A educa\u00e7\u00e3o em Palmas n\u00e3o \u00e9 uma prioridade. [Da \u00faltima vez que a prefeitura liberou as aulas] a gente presenciou escolas organizadas e fazendo revezamento. Temos a op\u00e7\u00e3o do ensino h\u00edbrido e por que n\u00e3o pode abrir? Como os propriet\u00e1rios v\u00e3o conseguir sustentar essas escolas? O desespero \u00e9 ainda maior para escolas infantis, como eles far\u00e3o aulas online?&#8221;, argumentou Melissa.<\/p>\n\n\n\n<p>De acordo com a nutricionista, poucas pessoas foram para a pra\u00e7a organizar o protesto para evitar aglomera\u00e7\u00f5es. A manifesta\u00e7\u00e3o come\u00e7ou \u00e0s 7h e segue at\u00e9 o meio-dia, em frente a Assembleia Legislativa.<\/p>\n\n\n\n<p>Os pais argumentam que n\u00e3o conseguem uma reuni\u00e3o com a prefeita Cinthia Ribeiro (PSDB) para conversar sobre o retorno.<\/p>\n\n\n\n<figure class=\"wp-block-image\"><img src=\"https:\/\/s2.glbimg.com\/K33CssvzLhlTdsS_0btE7ttH_8c=\/0x0:1280x1006\/984x0\/smart\/filters:strip_icc()\/i.s3.glbimg.com\/v1\/AUTH_59edd422c0c84a879bd37670ae4f538a\/internal_photos\/bs\/2021\/M\/o\/mdsih0ScuGTiQvzAyFWA\/rpotesto-2.jpeg\" alt=\"Protesto ocorre na pra\u00e7a dos Girass\u00f3is, em Palmas \u2014 Foto: Divulga\u00e7\u00e3o\"\/><\/figure>\n\n\n\n<p>Protesto ocorre na pra\u00e7a dos Girass\u00f3is, em Palmas \u2014 Foto: Divulga\u00e7\u00e3o<\/p>\n\n\n\n<p>Fonte: G1 Tocantins <\/p>\n","protected":false},"excerpt":{"rendered":"<p>Uma &#8216;sala de aula&#8217; com cadeiras vazias foi montada na pra\u00e7a dos Girass\u00f3is, em Palmas, na manh\u00e3 desta ter\u00e7a-feira (20), como forma de protesto. A manifesta\u00e7\u00e3o \u00e9 realizada por pais de alunos, que pedem o retorno das aulas presenciais, nas escolas particulares.Em dezembro do ano passado, o\u00a0munic\u00edpio chegou a anunciar o retorno das aulas presenciais [&hellip;]<\/p>\n","protected":false},"author":2,"featured_media":8263,"comment_status":"open","ping_status":"open","sticky":false,"template":"","format":"standard","meta":[],"categories":[3],"tags":[13],"_links":{"self":[{"href":"https:\/\/dgospel.com.br\/portal\/index.php\/wp-json\/wp\/v2\/posts\/8262"}],"collection":[{"href":"https:\/\/dgospel.com.br\/portal\/index.php\/wp-json\/wp\/v2\/posts"}],"about":[{"href":"https:\/\/dgospel.com.br\/portal\/index.php\/wp-json\/wp\/v2\/types\/post"}],"author":[{"embeddable":true,"href":"https:\/\/dgospel.com.br\/portal\/index.php\/wp-json\/wp\/v2\/users\/2"}],"replies":[{"embeddable":true,"href":"https:\/\/dgospel.com.br\/portal\/index.php\/wp-json\/wp\/v2\/comments?post=8262"}],"version-history":[{"count":1,"href":"https:\/\/dgospel.com.br\/portal\/index.php\/wp-json\/wp\/v2\/posts\/8262\/revisions"}],"predecessor-version":[{"id":8264,"href":"https:\/\/dgospel.com.br\/portal\/index.php\/wp-json\/wp\/v2\/posts\/8262\/revisions\/8264"}],"wp:featuredmedia":[{"embeddable":true,"href":"https:\/\/dgospel.com.br\/portal\/index.php\/wp-json\/wp\/v2\/media\/8263"}],"wp:attachment":[{"href":"https:\/\/dgospel.com.br\/portal\/index.php\/wp-json\/wp\/v2\/media?parent=8262"}],"wp:term":[{"taxonomy":"category","embeddable":true,"href":"https:\/\/dgospel.com.br\/portal\/index.php\/wp-json\/wp\/v2\/categories?post=8262"},{"taxonomy":"post_tag","embeddable":true,"href":"https:\/\/dgospel.com.br\/portal\/index.php\/wp-json\/wp\/v2\/tags?post=8262"}],"curies":[{"name":"wp","href":"https:\/\/api.w.org\/{rel}","templated":true}]}}