{"id":8265,"date":"2021-04-20T13:48:39","date_gmt":"2021-04-20T16:48:39","guid":{"rendered":"http:\/\/dgospel.com.br\/portal\/?p=8265"},"modified":"2021-04-20T13:48:40","modified_gmt":"2021-04-20T16:48:40","slug":"rubens-uchoa-requer-a-inclusao-de-motoristas-do-transporte-publico-diabeticos-e-hipertensos-no-grupo-prioritario-de-vacinacao-contra-a-covid","status":"publish","type":"post","link":"https:\/\/dgospel.com.br\/portal\/index.php\/2021\/04\/20\/rubens-uchoa-requer-a-inclusao-de-motoristas-do-transporte-publico-diabeticos-e-hipertensos-no-grupo-prioritario-de-vacinacao-contra-a-covid\/","title":{"rendered":"Rubens Uch\u00f4a requer a inclus\u00e3o de motoristas do transporte p\u00fablico, diab\u00e9ticos e hipertensos no grupo priorit\u00e1rio de vacina\u00e7\u00e3o contra a Covid"},"content":{"rendered":"\n<p>O vereador Rubens Uch\u00f4a,\napresentou dois requerimentos solicitando a inclus\u00e3o de motoristas do\ntransporte p\u00fablico e pessoas com diagn\u00f3stico de hipertens\u00e3o e diabetes na\nprioridade de vacina\u00e7\u00e3o contra a Covid-19.<\/p>\n\n\n\n<p>O parlamentar apresentou o\nrequerimento durante a sess\u00e3o ordin\u00e1ria na manh\u00e3 desta ter\u00e7a-feira, 20, na\nC\u00e2mara Municipal de Palmas. <\/p>\n\n\n\n<p>Uch\u00f4a justifica que os motoristas\nde transporte p\u00fablico tamb\u00e9m\ns\u00e3o da linha de frente e de alto risco de cont\u00e1gio, e que as\nestat\u00edsticas apontam o alto \u00edndice de \u00f3bitos por Covid-19. <\/p>\n\n\n\n<p>\u201c\u00c9 um grupo que se encontra em\nconstante contato com diversas pessoas durante seu trabalho e s\u00e3o trabalhadores\nque est\u00e3o na linha de frente desde o in\u00edcio da pandemia. Por isso, devem ser\ninclu\u00eddos no plano de prioridades\u201d, justifica.<\/p>\n","protected":false},"excerpt":{"rendered":"<p>O vereador Rubens Uch\u00f4a, apresentou dois requerimentos solicitando a inclus\u00e3o de motoristas do transporte p\u00fablico e pessoas com diagn\u00f3stico de hipertens\u00e3o e diabetes na prioridade de vacina\u00e7\u00e3o contra a Covid-19. O parlamentar apresentou o requerimento durante a sess\u00e3o ordin\u00e1ria na manh\u00e3 desta ter\u00e7a-feira, 20, na C\u00e2mara Municipal de Palmas. Uch\u00f4a justifica que os motoristas de [&hellip;]<\/p>\n","protected":false},"author":2,"featured_media":8266,"comment_status":"open","ping_status":"open","sticky":false,"template":"","format":"standard","meta":[],"categories":[8],"tags":[],"_links":{"self":[{"href":"https:\/\/dgospel.com.br\/portal\/index.php\/wp-json\/wp\/v2\/posts\/8265"}],"collection":[{"href":"https:\/\/dgospel.com.br\/portal\/index.php\/wp-json\/wp\/v2\/posts"}],"about":[{"href":"https:\/\/dgospel.com.br\/portal\/index.php\/wp-json\/wp\/v2\/types\/post"}],"author":[{"embeddable":true,"href":"https:\/\/dgospel.com.br\/portal\/index.php\/wp-json\/wp\/v2\/users\/2"}],"replies":[{"embeddable":true,"href":"https:\/\/dgospel.com.br\/portal\/index.php\/wp-json\/wp\/v2\/comments?post=8265"}],"version-history":[{"count":1,"href":"https:\/\/dgospel.com.br\/portal\/index.php\/wp-json\/wp\/v2\/posts\/8265\/revisions"}],"predecessor-version":[{"id":8267,"href":"https:\/\/dgospel.com.br\/portal\/index.php\/wp-json\/wp\/v2\/posts\/8265\/revisions\/8267"}],"wp:featuredmedia":[{"embeddable":true,"href":"https:\/\/dgospel.com.br\/portal\/index.php\/wp-json\/wp\/v2\/media\/8266"}],"wp:attachment":[{"href":"https:\/\/dgospel.com.br\/portal\/index.php\/wp-json\/wp\/v2\/media?parent=8265"}],"wp:term":[{"taxonomy":"category","embeddable":true,"href":"https:\/\/dgospel.com.br\/portal\/index.php\/wp-json\/wp\/v2\/categories?post=8265"},{"taxonomy":"post_tag","embeddable":true,"href":"https:\/\/dgospel.com.br\/portal\/index.php\/wp-json\/wp\/v2\/tags?post=8265"}],"curies":[{"name":"wp","href":"https:\/\/api.w.org\/{rel}","templated":true}]}}