{"id":8271,"date":"2021-04-21T09:15:35","date_gmt":"2021-04-21T12:15:35","guid":{"rendered":"http:\/\/dgospel.com.br\/portal\/?p=8271"},"modified":"2021-04-21T09:15:36","modified_gmt":"2021-04-21T12:15:36","slug":"bolsonaro-diz-a-pastores-que-ira-indicar-andre-mendonca-ao-stf","status":"publish","type":"post","link":"https:\/\/dgospel.com.br\/portal\/index.php\/2021\/04\/21\/bolsonaro-diz-a-pastores-que-ira-indicar-andre-mendonca-ao-stf\/","title":{"rendered":"Bolsonaro diz a pastores que ir\u00e1 indicar Andr\u00e9 Mendon\u00e7a ao STF"},"content":{"rendered":"\n<p> O presidente Jair Bolsonaro disse a l\u00edderes evang\u00e9licos, nesta ter\u00e7a-feira (20), que o ministro da Advocacia-Geral da Uni\u00e3o (AGU), Andr\u00e9 Mendon\u00e7a, \u00e9 o favorito para assumir a vaga que ser\u00e1 aberta no Supremo Tribunal Federal (STF), em julho, com a aposentadoria do decano da Corte, Marco Aur\u00e9lio Mello. <\/p>\n\n\n\n<p> O pastor Silas Malafaia, da Assembleia de Deus Vit\u00f3ria em Cristo, afirmou n\u00e3o ser a primeira vez que Bolsonaro d\u00e1 todos os sinais de que indicar\u00e1 Mendon\u00e7a para o STF. <\/p>\n\n\n\n<p>\u2013 Ele j\u00e1 tinha falado comigo no dia 15 de mar\u00e7o, quando estive (no Pal\u00e1cio do Planalto) para propor um jejum e estava com oito l\u00edderes. Ontem (segunda-feira), ele confirmou, mais uma vez. Isso j\u00e1 \u00e9 uma verdade e o Andr\u00e9 \u00e9 favorit\u00edssimo. N\u00e3o tem para ningu\u00e9m \u2013 disse Malafaia ao Estad\u00e3o.<\/p>\n\n\n\n<p>Bolsonaro recebeu pastores evang\u00e9licos e deputados da bancada ontem (19), e nesta ter\u00e7a. Na reuni\u00e3o de segunda-feira, o pr\u00f3prio Mendon\u00e7a estava presente. Malafaia \u00e9 um dos representantes religiosos que mais cobram a nomea\u00e7\u00e3o de um evang\u00e9lico para o Supremo.<\/p>\n\n\n\n<p>\u2013 Por que o presidente vai se queimar? O maior grupo de apoio dele s\u00e3o os evang\u00e9licos. Lembre-se: n\u00e3o fomos n\u00f3s que pedimos isso. Ele fala isso desde a campanha eleitoral \u2013 observou o l\u00edder da Assembleia de Deus Vit\u00f3ria em Cristo.<\/p>\n\n\n\n<p><strong>\u201cMINISTRO TERRIVELMENTE EVANG\u00c9LICO\u201d<br><\/strong>A promessa de Bolsonaro de nomear um ministro \u201cterrivelmente evang\u00e9lico\u201d para o Supremo foi feita pela primeira vez em julho de 2019, durante evento com a bancada tem\u00e1tica no Congresso.<\/p>\n\n\n\n<p>\u2013 O Estado \u00e9 laico, mas n\u00f3s somos crist\u00e3os. Ou, para plagiar minha querida Damares (Alves, ministra da Mulher, da Fam\u00edlia e dos Direitos Humanos): n\u00f3s somos terrivelmente crist\u00e3os. E esse esp\u00edrito deve estar presente em todos os Poderes. Por isso, meu compromisso: poderei indicar dois ministros para o Supremo Tribunal Federal; um deles ser\u00e1 terrivelmente evang\u00e9lico \u2013 disse o presidente.<\/p>\n\n\n\n<p>O ministro Marco Aur\u00e9lio Mello j\u00e1 formalizou a data para pendurar a toga. Em of\u00edcio enviado \u00e0 presid\u00eancia do STF, Marco Aur\u00e9lio marcou a sa\u00edda para 5 de julho, sete dias antes de completar 75 anos, quando tem decretada a aposentadoria compuls\u00f3ria.<\/p>\n\n\n\n<p>*Estad\u00e3o<\/p>\n","protected":false},"excerpt":{"rendered":"<p>O presidente Jair Bolsonaro disse a l\u00edderes evang\u00e9licos, nesta ter\u00e7a-feira (20), que o ministro da Advocacia-Geral da Uni\u00e3o (AGU), Andr\u00e9 Mendon\u00e7a, \u00e9 o favorito para assumir a vaga que ser\u00e1 aberta no Supremo Tribunal Federal (STF), em julho, com a aposentadoria do decano da Corte, Marco Aur\u00e9lio Mello. O pastor Silas Malafaia, da Assembleia de [&hellip;]<\/p>\n","protected":false},"author":2,"featured_media":8272,"comment_status":"open","ping_status":"open","sticky":false,"template":"","format":"standard","meta":[],"categories":[4],"tags":[13,14],"_links":{"self":[{"href":"https:\/\/dgospel.com.br\/portal\/index.php\/wp-json\/wp\/v2\/posts\/8271"}],"collection":[{"href":"https:\/\/dgospel.com.br\/portal\/index.php\/wp-json\/wp\/v2\/posts"}],"about":[{"href":"https:\/\/dgospel.com.br\/portal\/index.php\/wp-json\/wp\/v2\/types\/post"}],"author":[{"embeddable":true,"href":"https:\/\/dgospel.com.br\/portal\/index.php\/wp-json\/wp\/v2\/users\/2"}],"replies":[{"embeddable":true,"href":"https:\/\/dgospel.com.br\/portal\/index.php\/wp-json\/wp\/v2\/comments?post=8271"}],"version-history":[{"count":1,"href":"https:\/\/dgospel.com.br\/portal\/index.php\/wp-json\/wp\/v2\/posts\/8271\/revisions"}],"predecessor-version":[{"id":8273,"href":"https:\/\/dgospel.com.br\/portal\/index.php\/wp-json\/wp\/v2\/posts\/8271\/revisions\/8273"}],"wp:featuredmedia":[{"embeddable":true,"href":"https:\/\/dgospel.com.br\/portal\/index.php\/wp-json\/wp\/v2\/media\/8272"}],"wp:attachment":[{"href":"https:\/\/dgospel.com.br\/portal\/index.php\/wp-json\/wp\/v2\/media?parent=8271"}],"wp:term":[{"taxonomy":"category","embeddable":true,"href":"https:\/\/dgospel.com.br\/portal\/index.php\/wp-json\/wp\/v2\/categories?post=8271"},{"taxonomy":"post_tag","embeddable":true,"href":"https:\/\/dgospel.com.br\/portal\/index.php\/wp-json\/wp\/v2\/tags?post=8271"}],"curies":[{"name":"wp","href":"https:\/\/api.w.org\/{rel}","templated":true}]}}