{"id":8277,"date":"2021-04-21T11:49:04","date_gmt":"2021-04-21T14:49:04","guid":{"rendered":"http:\/\/dgospel.com.br\/portal\/?p=8277"},"modified":"2021-04-21T11:49:06","modified_gmt":"2021-04-21T14:49:06","slug":"pastor-jose-wellington-costa-junior-e-reeleito-presidente-da-cgadb-para-o-quadrienio-2021-2025","status":"publish","type":"post","link":"https:\/\/dgospel.com.br\/portal\/index.php\/2021\/04\/21\/pastor-jose-wellington-costa-junior-e-reeleito-presidente-da-cgadb-para-o-quadrienio-2021-2025\/","title":{"rendered":"Pastor Jos\u00e9 Wellington Costa Junior \u00e9 reeleito presidente da CGADB, para o quadri\u00eanio 2021\/2025"},"content":{"rendered":"\n<p>A Conven\u00e7\u00e3o Geral das Assembleias de Deus no Brasil (CGADB) realizou em\nS\u00e3o Paulo, nesta ter\u00e7a-feira (20), em formato in\u00e9dito a sua&nbsp;<a href=\"https:\/\/www.searanews.com.br\/cgadb-adia-45a-ago-em-cuiaba-mt\/\" target=\"_blank\" rel=\"noreferrer noopener\">45\u00aa AGO<\/a>&nbsp;que contou\ncom a participa\u00e7\u00e3o online dos membros inscritos para o evento.<\/p>\n\n\n\n<p>A chapa \u00fanica\napresentada dentro do prazo regimental foi eleita e empossada para o quadri\u00eanio\n2021\/2025, sendo&nbsp;<a href=\"https:\/\/www.searanews.com.br\/stj-confirma-pastor-wellington-junior-como-presidente-da-cgadb\/\" target=\"_blank\" rel=\"noreferrer noopener\">reeleito<\/a>&nbsp;o pastor\nJos\u00e9 Wellington Costa J\u00fanior para a presid\u00eancia da CGADB.<\/p>\n\n\n\n<p>Todos os trabalhos\nda elei\u00e7\u00e3o e posse da diretoria foram dirigidos pela Comiss\u00e3o Eleitoral,\npresidida pelo pastor Ant\u00f4nio Carlos Lorenzetti de Melo.<\/p>\n\n\n\n<p>Ap\u00f3s ser reempossado, pastor Jos\u00e9 Wellington Costa Junior, postou em suas redes sociais uma mensagem a todos os assembleianos no\npa\u00eds \u201cAcabo de ser novamente empossado na presid\u00eancia da Conven\u00e7\u00e3o Geral das\nAssembleias de Deus no Brasil (<a href=\"https:\/\/www.instagram.com\/cgadb\/\">@cgadb<\/a>); miss\u00e3o que cumprimos nos \u00faltimos quatro\nanos com muito temor. Agrade\u00e7o a Deus pela oportunidade de servir a Igreja em\nnosso pa\u00eds, extendendo minha gratid\u00e3o aos Pastores que tem nos confiado t\u00e3o\nnobre miss\u00e3o. A todos nosso carinho e gratid\u00e3o\u201d.<\/p>\n\n\n\n<p>Com algumas\nmudan\u00e7as, a composi\u00e7\u00e3o da nova Mesa Diretora da CGADB agora conta com\nsuplentes, para suceder o titular da pasta em caso de vac\u00e2ncia; e ficou assim\nconstitu\u00edda:<\/p>\n\n\n\n<p>Presidente Pr. JOS\u00c9\nWELLINGTON COSTA JUNIOR<\/p>\n\n\n\n<p>1\u00ba Vice-Presidente:\nPr. GILBERTO MARQUES DE SOUZA<br>\nSuplente: Pr. MILTON CARVALHO DE OLIVEIRA FILHO<\/p>\n\n\n\n<p>2\u00ba Vice-Presidente:\nPr. JOS\u00c9 CARLOS DE LIMA<br>\nSuplente: Pr. DANIEL NUNES DA SILVA<\/p>\n\n\n\n<p>3\u00ba Vice-Presidente:\nPr. TEMOTEO RAMOS DE OLIVEIRA<br>\nSuplente: Pr. PAULO LOPES CORREA<\/p>\n\n\n\n<p>4\u00ba Vice-Presidente:\nPr. PERCI FONTOURA<br>\nSuplente: Pr. JOEL MICHEL DA SILVA<\/p>\n\n\n\n<p>5\u00ba Vice-Presidente:\nPr. SILAS PAULO DE SOUZA<br>\nSuplente: Pr. JO\u00c3O AGRIPINO DE FRAN\u00c7A<\/p>\n\n\n\n<p>1\u00ba Secret\u00e1rio: Pr.\nPEDRO ABREU DE LIMA<br>\nSuplente: Pr. ORLANDO MOURA GAIA<\/p>\n\n\n\n<p>2\u00ba Secret\u00e1rio: Pr.\nROBERTO JOS\u00c9 DOS SANTOS<br>\nSuplente: Pr. MARTIM ALVES DA SILVA<\/p>\n\n\n\n<p>3\u00ba Secret\u00e1rio: Pr.\nALVARO ALEN SANCHES<br>\nSuplente: Pr. PAULO CEZAR PEREIRA<\/p>\n\n\n\n<p>4\u00ba Secret\u00e1rio: Pr.\nGERALDINO DA SILVA<br>\nSuplente: Pr. S\u00c9RGIO MELFIOR<\/p>\n\n\n\n<p>5\u00ba Secret\u00e1rio: Pr.\nORCIVAL PEREIRA XAVIER<br>\nSuplente: Pr. WELLINGTON CARLOS ALMEIDA ROCHA<\/p>\n\n\n\n<p>1\u00ba Tesoureiro: Pr.\nJOS\u00c9 FELIPE DA SILVA<\/p>\n\n\n\n<p>2\u00ba Tesoureiro: Pr.\nNEHEMIAS ARA\u00daJO<\/p>\n\n\n\n<p>3\u00ba Tesoureiro: Pr.\nEDSON EUG\u00caNIO VICENTE<\/p>\n\n\n\n<p><strong>Conselhos e Comiss\u00f5es<\/strong><\/p>\n\n\n\n<p>Os presidentes das\nconven\u00e7\u00f5es estaduais ou regionais reelegeram o pastor Jos\u00e9 Wellington Bezerra\nda Costa para presidir o Conselho Administrativo da Casa Publicadora das\nAssembleias de Deus (CPAD).<\/p>\n\n\n\n<p>Uma vez empossada,\na Mesa Diretora efetuou a indica\u00e7\u00e3o e nomea\u00e7\u00e3o dos diversos conselhos e\ncomiss\u00f5es que atuam junto a Diretoria.<\/p>\n\n\n\n<p><strong>Unemad<\/strong><\/p>\n\n\n\n<p>As esposas dos diretores, consequentemente foram empossadas nos\nrespectivos cargos dos esposos, para atuarem \u00e0 frente da UNEMAD \u2013 Uni\u00e3o de\nEsposas de Ministros das Assembleias de Deus, sob a presid\u00eancia da irm\u00e3 L\u00eddia\nCosta.<\/p>\n","protected":false},"excerpt":{"rendered":"<p>A Conven\u00e7\u00e3o Geral das Assembleias de Deus no Brasil (CGADB) realizou em S\u00e3o Paulo, nesta ter\u00e7a-feira (20), em formato in\u00e9dito a sua&nbsp;45\u00aa AGO&nbsp;que contou com a participa\u00e7\u00e3o online dos membros inscritos para o evento. A chapa \u00fanica apresentada dentro do prazo regimental foi eleita e empossada para o quadri\u00eanio 2021\/2025, sendo&nbsp;reeleito&nbsp;o pastor Jos\u00e9 Wellington Costa [&hellip;]<\/p>\n","protected":false},"author":2,"featured_media":8278,"comment_status":"open","ping_status":"open","sticky":false,"template":"","format":"standard","meta":[],"categories":[5],"tags":[13,14],"_links":{"self":[{"href":"https:\/\/dgospel.com.br\/portal\/index.php\/wp-json\/wp\/v2\/posts\/8277"}],"collection":[{"href":"https:\/\/dgospel.com.br\/portal\/index.php\/wp-json\/wp\/v2\/posts"}],"about":[{"href":"https:\/\/dgospel.com.br\/portal\/index.php\/wp-json\/wp\/v2\/types\/post"}],"author":[{"embeddable":true,"href":"https:\/\/dgospel.com.br\/portal\/index.php\/wp-json\/wp\/v2\/users\/2"}],"replies":[{"embeddable":true,"href":"https:\/\/dgospel.com.br\/portal\/index.php\/wp-json\/wp\/v2\/comments?post=8277"}],"version-history":[{"count":1,"href":"https:\/\/dgospel.com.br\/portal\/index.php\/wp-json\/wp\/v2\/posts\/8277\/revisions"}],"predecessor-version":[{"id":8279,"href":"https:\/\/dgospel.com.br\/portal\/index.php\/wp-json\/wp\/v2\/posts\/8277\/revisions\/8279"}],"wp:featuredmedia":[{"embeddable":true,"href":"https:\/\/dgospel.com.br\/portal\/index.php\/wp-json\/wp\/v2\/media\/8278"}],"wp:attachment":[{"href":"https:\/\/dgospel.com.br\/portal\/index.php\/wp-json\/wp\/v2\/media?parent=8277"}],"wp:term":[{"taxonomy":"category","embeddable":true,"href":"https:\/\/dgospel.com.br\/portal\/index.php\/wp-json\/wp\/v2\/categories?post=8277"},{"taxonomy":"post_tag","embeddable":true,"href":"https:\/\/dgospel.com.br\/portal\/index.php\/wp-json\/wp\/v2\/tags?post=8277"}],"curies":[{"name":"wp","href":"https:\/\/api.w.org\/{rel}","templated":true}]}}