{"id":8284,"date":"2021-04-26T09:35:14","date_gmt":"2021-04-26T12:35:14","guid":{"rendered":"http:\/\/dgospel.com.br\/portal\/?p=8284"},"modified":"2021-04-26T09:35:16","modified_gmt":"2021-04-26T12:35:16","slug":"policia-federal-apura-uso-de-r-22-bilhoes-do-sus-em-23-estados","status":"publish","type":"post","link":"https:\/\/dgospel.com.br\/portal\/index.php\/2021\/04\/26\/policia-federal-apura-uso-de-r-22-bilhoes-do-sus-em-23-estados\/","title":{"rendered":"Pol\u00edcia Federal apura uso de R$ 2,2 bilh\u00f5es do SUS em 23 estados"},"content":{"rendered":"\n<p> Alvo da CPI da Covid no Senado, o uso de verbas federais para combate ao coronav\u00edrus por estados e munic\u00edpios j\u00e1 rendeu 75 opera\u00e7\u00f5es especiais da Pol\u00edcia Federal desde o in\u00edcio da pandemia. As irregularidades investigadas atingem prefeituras ou governos de 23 estados e somam quase R$ 2,2 bilh\u00f5es, valor que representa 3,5% dos R$ 64 bilh\u00f5es repassados pelo Sistema \u00danico de Sa\u00fade (SUS). <\/p>\n\n\n\n<p> As investiga\u00e7\u00f5es tiveram in\u00edcio em abril de 2020, a partir de den\u00fancias de superfaturamento em contratos envolvendo recursos federais. A prefeitura de Aroeiras (PB) foi alvo da primeira a\u00e7\u00e3o, que teve como foco a compra, sem licita\u00e7\u00e3o, de livros e cartilhas educativas sobre o v\u00edrus, material que, na \u00e9poca, era oferecido pelo Minist\u00e9rio da Sa\u00fade sem custo. <\/p>\n\n\n\n<p>De l\u00e1 para c\u00e1, mais 93 munic\u00edpios entraram na mira da PF e de outros \u00f3rg\u00e3os federais, como a Controladoria-Geral da Uni\u00e3o (CGU) e o Minist\u00e9rio P\u00fablico Federal (MPF), que geralmente participam das opera\u00e7\u00f5es. Em um ano, foram cumpridos 1.160 mandados de busca e apreens\u00e3o, que levaram \u00e0 pris\u00e3o tempor\u00e1ria de 135 pessoas e \u00e0 pris\u00e3o preventiva de outras 12.<\/p>\n\n\n\n<p>A lista de detidos inclui at\u00e9 um senador. Chico Rodrigues (DEM-RR) acabou preso em outubro do ano passado por suspeita de participar de um esquema que teria desviado recursos de emendas parlamentares destinadas ao enfrentamento da doen\u00e7a em Roraima. Durante a abordagem dos policiais, Rodrigues escondeu R$ 33 mil na cueca.<\/p>\n\n\n\n<p>Rodrigues, que nega as acusa\u00e7\u00f5es, pediu licen\u00e7a do mandato e ficou quatro meses afastado, retomando a atividade parlamentar em fevereiro. Ele afirmou que o dinheiro encontrado \u00e9 l\u00edcito e seria usado para o pagamento de funcion\u00e1rios de uma empresa familiar.<\/p>\n\n\n\n<p>Chico n\u00e3o integra a CPI, mas casos como o dele devem ser abordados ao longo da Comiss\u00e3o Parlamentar de Inqu\u00e9rito que deve ser instalada na pr\u00f3xima ter\u00e7a-feira (27).<\/p>\n\n\n\n<p>Com a amplia\u00e7\u00e3o do escopo da investiga\u00e7\u00e3o, ap\u00f3s press\u00e3o do governo Jair Bolsonaro, den\u00fancias de irregularidades no uso de verba federal por estados e munic\u00edpios podem levar governadores e prefeitos a compor a lista de \u201cconvidados\u201d pelo grupo.<\/p>\n\n\n\n<p>O prefeito de Manaus, David Almeida (PSC), deve ser um dos primeiros a serem ouvidos no subgrupo da CPI que ter\u00e1 como alvo a crise de oxig\u00eanio no Amazonas.<\/p>\n\n\n\n<p><strong>ICEBERG<\/strong><br>Defensor da amplia\u00e7\u00e3o do escopo da CPI, o senador Eduardo Gir\u00e3o (Podemos-CE) afirmou que \u201cas opera\u00e7\u00f5es da PF s\u00e3o de muita relev\u00e2ncia por permitir que os recursos alocados no combate \u00e0 Covid-19 cheguem ao povo brasileiro\u201d. Sobre o fato de as apura\u00e7\u00f5es policiais alcan\u00e7arem apenas 3,5% do total de repasses feitos pelo SUS, o parlamentar disse que o valor pode ser apenas a \u201cponta do iceberg\u201d.<\/p>\n\n\n\n<p>\u2013 Apurar o destino de R$ 64 bilh\u00f5es requer mais tempo, \u00e9 um valor consider\u00e1vel.<\/p>\n\n\n\n<p>Gir\u00e3o se coloca como candidato a presidir a CPI da Covid. Pelo acordo feito entre os partidos, por\u00e9m, o posto de presidente deve ficar com Omar Aziz (PSD-AM) e a relatoria, com Renan Calheiros (MDB-AL). Os cargos ser\u00e3o oficializados na primeira reuni\u00e3o do colegiado, na ter\u00e7a-feira.<\/p>\n\n\n\n<p>O senador Izalci Lucas (PSDB-DF) acredita que a quantidade de opera\u00e7\u00f5es policiais e o volume de recursos sob investiga\u00e7\u00e3o justifica a amplia\u00e7\u00e3o do escopo da CPI.<\/p>\n\n\n\n<p>\u2013 \u00c9 justo que se apure tudo mesmo. Os ind\u00edcios s\u00e3o muito fortes de irregularidades no uso de recursos federais por estados e munic\u00edpios.<\/p>\n\n\n\n<p>Para o senador Alessandro Vieira (Cidadania-SE), autor do pedido de CPI, mesmo que o valor identificado em opera\u00e7\u00f5es da PF n\u00e3o seja t\u00e3o importante quando se olha o total, ainda assim diz respeito a recursos p\u00fablicos, o que justifica fazer a investiga\u00e7\u00e3o.<\/p>\n\n\n\n<p>\u2013 A CPI s\u00f3 vai poder atuar naquilo que for conexo com o fato principal, ou seja, aquilo que tiver repercuss\u00e3o nacional. Identificando algum ind\u00edcio de movimenta\u00e7\u00e3o at\u00edpica ou ind\u00edcios de crime ou infra\u00e7\u00e3o administrativa, o relat\u00f3rio da CPI poder\u00e1 fazer o encaminhamento aos \u00f3rg\u00e3os de controle.<\/p>\n\n\n\n<p>Segundo a PF, o Rio de Janeiro tem sob investiga\u00e7\u00e3o R$ 850 milh\u00f5es de recursos enviados pelo governo federal em raz\u00e3o da pandemia. A opera\u00e7\u00e3o desencadeada no estado provocou o afastamento do governador Wilson Witzel (PSC), que foi denunciado pelo MPF, acusado de corrup\u00e7\u00e3o, peculato, lavagem de dinheiro e de organiza\u00e7\u00e3o criminosa. Ele alega inoc\u00eancia.<\/p>\n\n\n\n<p>Os governadores do Amazonas, Wilson Lima (PSC), e do Par\u00e1, Helder Barbalho (MDB), tamb\u00e9m j\u00e1 foram alvo de opera\u00e7\u00f5es. Ambos s\u00e3o investigados pela compra de respiradores.<\/p>\n\n\n\n<p>Em fevereiro, a PF pediu o indiciamento de Barbalho pela transa\u00e7\u00e3o fracassada de compra de 400 aparelhos por R$ 50 milh\u00f5es. Segundo a pol\u00edcia, o contrato dos equipamentos se deu sem licita\u00e7\u00e3o e com pagamento de metade do valor adiantado, mesmo com atraso na entrega. H\u00e1 suspeitas de direcionamento na licita\u00e7\u00e3o. O governador nega.<\/p>\n\n\n\n<p>*Estad\u00e3o<\/p>\n\n\n\n<p><\/p>\n","protected":false},"excerpt":{"rendered":"<p>Alvo da CPI da Covid no Senado, o uso de verbas federais para combate ao coronav\u00edrus por estados e munic\u00edpios j\u00e1 rendeu 75 opera\u00e7\u00f5es especiais da Pol\u00edcia Federal desde o in\u00edcio da pandemia. As irregularidades investigadas atingem prefeituras ou governos de 23 estados e somam quase R$ 2,2 bilh\u00f5es, valor que representa 3,5% dos R$ [&hellip;]<\/p>\n","protected":false},"author":2,"featured_media":8285,"comment_status":"open","ping_status":"open","sticky":false,"template":"","format":"standard","meta":[],"categories":[4],"tags":[13],"_links":{"self":[{"href":"https:\/\/dgospel.com.br\/portal\/index.php\/wp-json\/wp\/v2\/posts\/8284"}],"collection":[{"href":"https:\/\/dgospel.com.br\/portal\/index.php\/wp-json\/wp\/v2\/posts"}],"about":[{"href":"https:\/\/dgospel.com.br\/portal\/index.php\/wp-json\/wp\/v2\/types\/post"}],"author":[{"embeddable":true,"href":"https:\/\/dgospel.com.br\/portal\/index.php\/wp-json\/wp\/v2\/users\/2"}],"replies":[{"embeddable":true,"href":"https:\/\/dgospel.com.br\/portal\/index.php\/wp-json\/wp\/v2\/comments?post=8284"}],"version-history":[{"count":1,"href":"https:\/\/dgospel.com.br\/portal\/index.php\/wp-json\/wp\/v2\/posts\/8284\/revisions"}],"predecessor-version":[{"id":8286,"href":"https:\/\/dgospel.com.br\/portal\/index.php\/wp-json\/wp\/v2\/posts\/8284\/revisions\/8286"}],"wp:featuredmedia":[{"embeddable":true,"href":"https:\/\/dgospel.com.br\/portal\/index.php\/wp-json\/wp\/v2\/media\/8285"}],"wp:attachment":[{"href":"https:\/\/dgospel.com.br\/portal\/index.php\/wp-json\/wp\/v2\/media?parent=8284"}],"wp:term":[{"taxonomy":"category","embeddable":true,"href":"https:\/\/dgospel.com.br\/portal\/index.php\/wp-json\/wp\/v2\/categories?post=8284"},{"taxonomy":"post_tag","embeddable":true,"href":"https:\/\/dgospel.com.br\/portal\/index.php\/wp-json\/wp\/v2\/tags?post=8284"}],"curies":[{"name":"wp","href":"https:\/\/api.w.org\/{rel}","templated":true}]}}