{"id":8287,"date":"2021-04-26T11:35:40","date_gmt":"2021-04-26T14:35:40","guid":{"rendered":"http:\/\/dgospel.com.br\/portal\/?p=8287"},"modified":"2021-04-26T17:20:49","modified_gmt":"2021-04-26T20:20:49","slug":"lira-cpi-e-perda-de-tempo-pois-o-congresso-nao-e-delegacia","status":"publish","type":"post","link":"https:\/\/dgospel.com.br\/portal\/index.php\/2021\/04\/26\/lira-cpi-e-perda-de-tempo-pois-o-congresso-nao-e-delegacia\/","title":{"rendered":"Lira: \u201cCPI \u00e9 perda de tempo, pois o Congresso n\u00e3o \u00e9 delegacia\u201d"},"content":{"rendered":"\n<p> O presidente da C\u00e2mara,&nbsp;<a rel=\"noreferrer noopener\" href=\"https:\/\/pleno.news\/tag\/arthur-lira\" target=\"_blank\">Arthur Lira<\/a>&nbsp;(PP-AL), afirmou nesta segunda-feira (26) que, apesar de o recrudescimento da&nbsp;<a rel=\"noreferrer noopener\" href=\"https:\/\/pleno.news\/tag\/covid-19\" target=\"_blank\">Covid-19<\/a>&nbsp;no pa\u00eds ter causado um \u201cpequeno atraso\u201d no andamento da Reforma Tribut\u00e1ria na Casa, espera at\u00e9 a pr\u00f3xima segunda-feira (3) fazer a leitura ou publicizar o relat\u00f3rio da proposta. Em entrevista \u00e0 r\u00e1dio Jovem Pan, Lira afirmou que para esta semana est\u00e3o previstas algumas reuni\u00f5es com o objetivo de tra\u00e7ar \u201cencaminhamentos para come\u00e7armos tratativas da reforma tribut\u00e1ria\u201d. <\/p>\n\n\n\n<p> \u2013 N\u00f3s temos que ter um sistema tribut\u00e1rio mais justo, onde quem ganha menos pague menos, quem ganhe mais pague mais e quem produz e gera emprego seja estimulado \u2013 defendeu nesta manh\u00e3. <\/p>\n\n\n\n<p>O presidente da C\u00e2mara disse tamb\u00e9m que ir\u00e1 procurar nesta tarde o ministro da Economia, Paulo Guedes, para tratar do andamento da proposta.<\/p>\n\n\n\n<p>No \u00faltimo s\u00e1bado (24), Lira j\u00e1 tinha informado, em publica\u00e7\u00e3o no Twitter, que a vers\u00e3o inicial do texto da reforma tribut\u00e1ria seria divulgada no dia 3 de maio.<\/p>\n\n\n\n<p>\u2013 O Congresso n\u00e3o pode ficar prisioneiro da paralisia pol\u00edtica das guerras legislativas. Mais do que nunca, temos de cumprir nosso dever com a sociedade. Como sinaliza\u00e7\u00e3o de que a pol\u00edtica do cabo de guerra n\u00e3o vai alterar nossa miss\u00e3o, estaremos tornando p\u00fablica na segunda-feira, dia 3 de maio, a vers\u00e3o inicial do texto da reforma tribut\u00e1ria \u2013 escreveu Lira na ocasi\u00e3o.<\/p>\n\n\n\n<p><strong>CPI<br><\/strong>Segundo avalia Lira, a CPI da Pandemia, instalada no Senado na \u00faltima semana, pode atrapalhar o andamento da proposta tribut\u00e1ria.<\/p>\n\n\n\n<p>\u2013 A CPI vai funcionar com 10% ou 15% dos senadores, mas vai fazer grande ocupa\u00e7\u00e3o de espa\u00e7o na m\u00eddia. Ocupando os \u00f3rg\u00e3os do governo federal com informa\u00e7\u00f5es, ocupando o Senado Federal com estruturas. Vai ocupar os governos de Estados e prefeituras. \u00c9 perda de tempo neste momento se instalar CPI porque o Congresso n\u00e3o \u00e9 delegacia de pol\u00edcia, \u00e9 a Casa de Leis \u2013 afirmou Lira.<\/p>\n\n\n\n<p>*Estad\u00e3o<\/p>\n","protected":false},"excerpt":{"rendered":"<p>O presidente da C\u00e2mara,&nbsp;Arthur Lira&nbsp;(PP-AL), afirmou nesta segunda-feira (26) que, apesar de o recrudescimento da&nbsp;Covid-19&nbsp;no pa\u00eds ter causado um \u201cpequeno atraso\u201d no andamento da Reforma Tribut\u00e1ria na Casa, espera at\u00e9 a pr\u00f3xima segunda-feira (3) fazer a leitura ou publicizar o relat\u00f3rio da proposta. Em entrevista \u00e0 r\u00e1dio Jovem Pan, Lira afirmou que para esta semana [&hellip;]<\/p>\n","protected":false},"author":2,"featured_media":8288,"comment_status":"open","ping_status":"open","sticky":false,"template":"","format":"standard","meta":[],"categories":[4],"tags":[13],"_links":{"self":[{"href":"https:\/\/dgospel.com.br\/portal\/index.php\/wp-json\/wp\/v2\/posts\/8287"}],"collection":[{"href":"https:\/\/dgospel.com.br\/portal\/index.php\/wp-json\/wp\/v2\/posts"}],"about":[{"href":"https:\/\/dgospel.com.br\/portal\/index.php\/wp-json\/wp\/v2\/types\/post"}],"author":[{"embeddable":true,"href":"https:\/\/dgospel.com.br\/portal\/index.php\/wp-json\/wp\/v2\/users\/2"}],"replies":[{"embeddable":true,"href":"https:\/\/dgospel.com.br\/portal\/index.php\/wp-json\/wp\/v2\/comments?post=8287"}],"version-history":[{"count":2,"href":"https:\/\/dgospel.com.br\/portal\/index.php\/wp-json\/wp\/v2\/posts\/8287\/revisions"}],"predecessor-version":[{"id":8308,"href":"https:\/\/dgospel.com.br\/portal\/index.php\/wp-json\/wp\/v2\/posts\/8287\/revisions\/8308"}],"wp:featuredmedia":[{"embeddable":true,"href":"https:\/\/dgospel.com.br\/portal\/index.php\/wp-json\/wp\/v2\/media\/8288"}],"wp:attachment":[{"href":"https:\/\/dgospel.com.br\/portal\/index.php\/wp-json\/wp\/v2\/media?parent=8287"}],"wp:term":[{"taxonomy":"category","embeddable":true,"href":"https:\/\/dgospel.com.br\/portal\/index.php\/wp-json\/wp\/v2\/categories?post=8287"},{"taxonomy":"post_tag","embeddable":true,"href":"https:\/\/dgospel.com.br\/portal\/index.php\/wp-json\/wp\/v2\/tags?post=8287"}],"curies":[{"name":"wp","href":"https:\/\/api.w.org\/{rel}","templated":true}]}}