{"id":8290,"date":"2021-04-26T16:10:11","date_gmt":"2021-04-26T19:10:11","guid":{"rendered":"http:\/\/dgospel.com.br\/portal\/?p=8290"},"modified":"2021-04-26T16:10:13","modified_gmt":"2021-04-26T19:10:13","slug":"cpi-governo-quer-pente-fino-em-repasses-a-estados-e-municipios","status":"publish","type":"post","link":"https:\/\/dgospel.com.br\/portal\/index.php\/2021\/04\/26\/cpi-governo-quer-pente-fino-em-repasses-a-estados-e-municipios\/","title":{"rendered":"CPI: Governo quer pente-fino em repasses a estados e munic\u00edpios"},"content":{"rendered":"\n<p> O Pal\u00e1cio do Planalto se articula para acionar \u00f3rg\u00e3os de controle e abastecer a CPI da Covid no Senado com informa\u00e7\u00f5es sobre o repasse de verbas federais a estados e munic\u00edpios. <\/p>\n\n\n\n<p> Senadores da ala governista, Marcos do Val (Podemos-ES) e Eduardo Gir\u00e3o (Podemos-CE) preparam requerimentos solicitando informa\u00e7\u00f5es a \u00f3rg\u00e3os como Minist\u00e9rio P\u00fablico Federal, Pol\u00edcia Federal, Tribunal de Contas da Uni\u00e3o e Minist\u00e9rio da Sa\u00fade. O objetivo \u00e9 identificar poss\u00edveis fraudes e desvios, al\u00e9m de mapear as investiga\u00e7\u00f5es em andamento. <\/p>\n\n\n\n<p>A estrat\u00e9gia \u00e9 discutida como forma de colocar prefeitos e governadores tamb\u00e9m na mira da CPI, desviando o foco do governo federal. A comiss\u00e3o ser\u00e1 instalada amanh\u00e3, \u00e0s 10 horas, conforme convoca\u00e7\u00e3o feita pelo Senado.<\/p>\n\n\n\n<p>H\u00e1 um acordo para a elei\u00e7\u00e3o do senador Omar Aziz (PSD-AM) na presid\u00eancia e do senador Randolfe Rodrigues (Rede-AP) na vice-presid\u00eancia do colegiado. Com a contrariedade do Planalto, o senador Renan Calheiros (MDB-AL) deve ser o relator da comiss\u00e3o.<\/p>\n\n\n\n<p>Requerimentos como os preparados por Do Val e Gir\u00e3o podem ser apresentados por qualquer membro da CPI, mas precisam de aprova\u00e7\u00e3o da maioria dos integrantes antes de serem enviados.<\/p>\n\n\n\n<p>O governo, por\u00e9m, \u00e9 minoria no grupo. Dos 11 senadores, quatro s\u00e3o alinhados ao Pal\u00e1cio do Planalto, dois atuam na oposi\u00e7\u00e3o e outros cinco s\u00e3o considerados independentes, com posi\u00e7\u00f5es que mudam de acordo com seus interesses.<\/p>\n\n\n\n<p>Caso os requerimentos sejam aprovados, as respostas dos \u00f3rg\u00e3os de controle podem ser usadas para compor o relat\u00f3rio final da investiga\u00e7\u00e3o e at\u00e9 encaminhar o indiciamento de autoridades ao Minist\u00e9rio P\u00fablico, por exemplo.<\/p>\n\n\n\n<p>No foco das discuss\u00f5es, est\u00e1 a responsabiliza\u00e7\u00e3o sobre a aplica\u00e7\u00e3o dos recursos federais. Em investiga\u00e7\u00f5es feitas no ano passado, houve questionamentos sobre a compet\u00eancia dos \u00f3rg\u00e3os de controle estaduais para apurar o repasse de verbas da Uni\u00e3o.<\/p>\n\n\n\n<p>\u2013 Vamos ter que ter acesso a esses documentos. Tem problema grave nos estados. Em Bras\u00edlia, a turma chegou a ser presa e [saiu] com o argumento de que o Minist\u00e9rio P\u00fablico n\u00e3o era competente para investigar porque os recursos eram federais \u2013 afirmou o l\u00edder do PSDB no Senado, Izalci Lucas (DF), aliado do governo Bolsonaro, que pediu aos membros da CPI para acionarem os \u00f3rg\u00e3os de controle federais.<\/p>\n\n\n\n<p>*Estad\u00e3o<\/p>\n","protected":false},"excerpt":{"rendered":"<p>O Pal\u00e1cio do Planalto se articula para acionar \u00f3rg\u00e3os de controle e abastecer a CPI da Covid no Senado com informa\u00e7\u00f5es sobre o repasse de verbas federais a estados e munic\u00edpios. Senadores da ala governista, Marcos do Val (Podemos-ES) e Eduardo Gir\u00e3o (Podemos-CE) preparam requerimentos solicitando informa\u00e7\u00f5es a \u00f3rg\u00e3os como Minist\u00e9rio P\u00fablico Federal, Pol\u00edcia Federal, [&hellip;]<\/p>\n","protected":false},"author":2,"featured_media":8291,"comment_status":"open","ping_status":"open","sticky":false,"template":"","format":"standard","meta":[],"categories":[4],"tags":[],"_links":{"self":[{"href":"https:\/\/dgospel.com.br\/portal\/index.php\/wp-json\/wp\/v2\/posts\/8290"}],"collection":[{"href":"https:\/\/dgospel.com.br\/portal\/index.php\/wp-json\/wp\/v2\/posts"}],"about":[{"href":"https:\/\/dgospel.com.br\/portal\/index.php\/wp-json\/wp\/v2\/types\/post"}],"author":[{"embeddable":true,"href":"https:\/\/dgospel.com.br\/portal\/index.php\/wp-json\/wp\/v2\/users\/2"}],"replies":[{"embeddable":true,"href":"https:\/\/dgospel.com.br\/portal\/index.php\/wp-json\/wp\/v2\/comments?post=8290"}],"version-history":[{"count":1,"href":"https:\/\/dgospel.com.br\/portal\/index.php\/wp-json\/wp\/v2\/posts\/8290\/revisions"}],"predecessor-version":[{"id":8292,"href":"https:\/\/dgospel.com.br\/portal\/index.php\/wp-json\/wp\/v2\/posts\/8290\/revisions\/8292"}],"wp:featuredmedia":[{"embeddable":true,"href":"https:\/\/dgospel.com.br\/portal\/index.php\/wp-json\/wp\/v2\/media\/8291"}],"wp:attachment":[{"href":"https:\/\/dgospel.com.br\/portal\/index.php\/wp-json\/wp\/v2\/media?parent=8290"}],"wp:term":[{"taxonomy":"category","embeddable":true,"href":"https:\/\/dgospel.com.br\/portal\/index.php\/wp-json\/wp\/v2\/categories?post=8290"},{"taxonomy":"post_tag","embeddable":true,"href":"https:\/\/dgospel.com.br\/portal\/index.php\/wp-json\/wp\/v2\/tags?post=8290"}],"curies":[{"name":"wp","href":"https:\/\/api.w.org\/{rel}","templated":true}]}}