{"id":8293,"date":"2021-04-26T16:13:10","date_gmt":"2021-04-26T19:13:10","guid":{"rendered":"http:\/\/dgospel.com.br\/portal\/?p=8293"},"modified":"2021-04-26T16:13:12","modified_gmt":"2021-04-26T19:13:12","slug":"enquanto-cortavam-a-minha-orelha-eu-vi-anjos-diz-welington-camargo-sobre-sequestro","status":"publish","type":"post","link":"https:\/\/dgospel.com.br\/portal\/index.php\/2021\/04\/26\/enquanto-cortavam-a-minha-orelha-eu-vi-anjos-diz-welington-camargo-sobre-sequestro\/","title":{"rendered":"\u201cEnquanto cortavam a minha orelha, eu vi anjos\u201d, diz Welington Camargo sobre sequestro"},"content":{"rendered":"\n<p>Welington Camargo tamb\u00e9m seguiu carreira na m\u00fasica, assim como seus irm\u00e3os,&nbsp;<a href=\"https:\/\/guiame.com.br\/musica\/nacional\/minha-vontade-de-servir-deus-esta-fervendo-diz-luciano-camargo-sobre-trabalho-gospel.html\"><strong>Zez\u00e9 Di Camargo e Luciano<\/strong><\/a>. A diferen\u00e7a est\u00e1 na mensagem das can\u00e7\u00f5es, que falam sobre sua f\u00e9 crist\u00e3.<\/p>\n\n\n\n<p>\u201cEu sempre tive vontade de cantar gospel. Sou crist\u00e3o desde os 16 anos, mas por um tempo compus e cantei m\u00fasica secular. At\u00e9 que resolvi cantar s\u00f3 m\u00fasica crist\u00e3. N\u00e3o fazia mais sentido para mim cantar outra coisa. E gra\u00e7as a Deus, ao meu talento e a for\u00e7a de vontade tenho sido muito bem recebido\u201d, disse Welington em entrevista \u00e0 revista Quem.<\/p>\n\n\n\n<p>Parapl\u00e9gico desde os dois anos, o cantor venceu suas limita\u00e7\u00f5es f\u00edsicas e est\u00e1 preparando seu sexto \u00e1lbum, ap\u00f3s j\u00e1 ter celebrado a marca de 3 milh\u00f5es de c\u00f3pias vendidas de seus CDs.<\/p>\n\n\n\n<p>A trajet\u00f3ria de Welington \u00e9 marcada n\u00e3o s\u00f3 pela&nbsp;<a href=\"https:\/\/guiame.com.br\/gospel\/mundo-cristao\/preciso-mais-de-deus-que-de-bracos-e-pernas-diz-deficiente-fisico.html\"><strong>supera\u00e7\u00e3o f\u00edsica<\/strong><\/a>&nbsp;e pela carreira musical, como tamb\u00e9m por seu sequestro em 1998, que aconteceu durante o auge do sucesso de Zez\u00e9 Di Camargo e Luciano.&nbsp;<\/p>\n\n\n\n<p>Em 94 dias em cativeiro, ele teve a orelha cortada e passou momentos de afli\u00e7\u00e3o. Depois de uma negocia\u00e7\u00e3o finalizada em mais de meio milh\u00e3o de reais, Welington revela que foi sustentado por sua f\u00e9 durante o sequestro.<\/p>\n\n\n\n<p>\u201cN\u00e3o precisei de psic\u00f3logo depois do sequestro porque sempre acreditei e conversei muito com Deus. Durante o sequestro, orei muito e tinha resposta em sonhos. Deus me dizia que eu sairia de l\u00e1. Eu tinha tudo para morrer ali. Geralmente, em sequestros longos como o meu, as v\u00edtimas s\u00e3o assassinadas. No dia em que eles cortaram a minha orelha, a inten\u00e7\u00e3o deles era me matar. Eu escutava eles conversando se deviam me enforcar, dar um tiro&#8230; Mas n\u00e3o tive medo de morrer porque Deus falou que ia ficar tudo bem\u201d, relembra.<\/p>\n\n\n\n<p>\u201cAs pessoas acham uma loucura, mas enquanto cortavam a minha orelha, eu vi anjos. Fiquei ali est\u00e1tico e olhando. Nem senti dor. Deus viu que ao acontecer algo com um servo Dele, mandou os anjos para me guardar. At\u00e9 o corte foi superficial. Fiquei por alguns dias surdo do ouvido esquerdo porque o sangue tinha secado, mas assim que removeram, voltei a ouvir normal. Depois que Deus deu o filho dele, Jesus, para morrer por mim na cruz, esse foi o momento que mais senti o amor de Deus.\u201d<\/p>\n\n\n\n<figure class=\"wp-block-image\"><img src=\"https:\/\/thumbor.guiame.com.br\/unsafe\/smart\/https:\/\/media.guiame.com.br\/archives\/2021\/04\/26\/2607040952-.jpeg\" alt=\"\"\/><\/figure>\n\n\n\n<p><br><sup>Welington Camargo com Zez\u00e9 Di Camargo e Luciano. (Foto: Weimer de Carvalho\/O Popular)<\/sup><\/p>\n\n\n\n<p>Esta experi\u00eancia transformou Welington em um novo homem. \u201cNingu\u00e9m que passa por isso \u00e9 a mesma pessoa. Passei a olhar para as pessoas com mais amor e procuro perdoar&#8230; Eu cheguei a falar para os bandidos que perdoava o que eles tinham feito, que s\u00f3 queria a Justi\u00e7a\u201d, afirma.<\/p>\n\n\n\n<p>O cantor, que \u00e9 pai de quatro filhos, tamb\u00e9m aprendeu o valor de dizer \u201ceu te amo\u201d a seus familiares. Ele fazia o mesmo com seu pai, Francisco, que morreu no ano passado.<\/p>\n\n\n\n<p>\u201cEra um relacionamento muito bom. N\u00e3o tinha um dia em que eu n\u00e3o ligava para ele e dizia que o amava. Eu ligo sempre para meus irm\u00e3os tamb\u00e9m para dizer \u2018eu te amo\u2019. Por isso, n\u00e3o chorei de arrependimento a morte do meu pai, chorei pela tristeza da perda. Ainda estou abalado. Meu pai me deu for\u00e7as em tudo que eu fiz, assim como a minha m\u00e3e. Meu pai foi o nome da fam\u00edlia e minha m\u00e3e \u00e9 o alicerce\u201d, observa.<\/p>\n\n\n\n<p>Welington conta que, depois do sequestro, passou a ter uma vida mais reservada. \u201cPassei a andar com seguran\u00e7a armado e hoje moro em condom\u00ednio fechado. Ningu\u00e9m sabe onde eu moro, s\u00f3 fam\u00edlia. Preservo meus filhos tamb\u00e9m. N\u00e3o tem como esconder, mas procuro evitar pelo que aconteceu comigo. Sou uma pessoa que ama estar no meio do povo, mas tenho que me privar de algumas coisas por causa dessa experi\u00eancia\u201d, afirma.<\/p>\n\n\n\n<p>\n\nFONTE: GUIAME, COM INFORMA\u00c7\u00d5ES DA QUEM\n\n<\/p>\n","protected":false},"excerpt":{"rendered":"<p>Welington Camargo tamb\u00e9m seguiu carreira na m\u00fasica, assim como seus irm\u00e3os,&nbsp;Zez\u00e9 Di Camargo e Luciano. A diferen\u00e7a est\u00e1 na mensagem das can\u00e7\u00f5es, que falam sobre sua f\u00e9 crist\u00e3. \u201cEu sempre tive vontade de cantar gospel. Sou crist\u00e3o desde os 16 anos, mas por um tempo compus e cantei m\u00fasica secular. At\u00e9 que resolvi cantar s\u00f3 [&hellip;]<\/p>\n","protected":false},"author":2,"featured_media":8294,"comment_status":"open","ping_status":"open","sticky":false,"template":"","format":"standard","meta":[],"categories":[17,5],"tags":[],"_links":{"self":[{"href":"https:\/\/dgospel.com.br\/portal\/index.php\/wp-json\/wp\/v2\/posts\/8293"}],"collection":[{"href":"https:\/\/dgospel.com.br\/portal\/index.php\/wp-json\/wp\/v2\/posts"}],"about":[{"href":"https:\/\/dgospel.com.br\/portal\/index.php\/wp-json\/wp\/v2\/types\/post"}],"author":[{"embeddable":true,"href":"https:\/\/dgospel.com.br\/portal\/index.php\/wp-json\/wp\/v2\/users\/2"}],"replies":[{"embeddable":true,"href":"https:\/\/dgospel.com.br\/portal\/index.php\/wp-json\/wp\/v2\/comments?post=8293"}],"version-history":[{"count":1,"href":"https:\/\/dgospel.com.br\/portal\/index.php\/wp-json\/wp\/v2\/posts\/8293\/revisions"}],"predecessor-version":[{"id":8295,"href":"https:\/\/dgospel.com.br\/portal\/index.php\/wp-json\/wp\/v2\/posts\/8293\/revisions\/8295"}],"wp:featuredmedia":[{"embeddable":true,"href":"https:\/\/dgospel.com.br\/portal\/index.php\/wp-json\/wp\/v2\/media\/8294"}],"wp:attachment":[{"href":"https:\/\/dgospel.com.br\/portal\/index.php\/wp-json\/wp\/v2\/media?parent=8293"}],"wp:term":[{"taxonomy":"category","embeddable":true,"href":"https:\/\/dgospel.com.br\/portal\/index.php\/wp-json\/wp\/v2\/categories?post=8293"},{"taxonomy":"post_tag","embeddable":true,"href":"https:\/\/dgospel.com.br\/portal\/index.php\/wp-json\/wp\/v2\/tags?post=8293"}],"curies":[{"name":"wp","href":"https:\/\/api.w.org\/{rel}","templated":true}]}}