{"id":8299,"date":"2021-04-26T16:44:28","date_gmt":"2021-04-26T19:44:28","guid":{"rendered":"http:\/\/dgospel.com.br\/portal\/?p=8299"},"modified":"2021-04-26T16:44:30","modified_gmt":"2021-04-26T19:44:30","slug":"juristas-cristaos-vao-a-oea-para-denunciar-ataque-do-stf-a-liberdade-religiosa","status":"publish","type":"post","link":"https:\/\/dgospel.com.br\/portal\/index.php\/2021\/04\/26\/juristas-cristaos-vao-a-oea-para-denunciar-ataque-do-stf-a-liberdade-religiosa\/","title":{"rendered":"Juristas crist\u00e3os v\u00e3o \u00e0 OEA para denunciar ataque do STF \u00e0 liberdade religiosa"},"content":{"rendered":"\n<p>A decis\u00e3o do STF que relativizou a\nliberdade religiosa no Brasil sob o argumento de combate \u00e0 pandemia mobilizou\num grupo de juristas e parlamentares cat\u00f3licos e evang\u00e9licos, que se uniram\npara denunciar a mais alta Corte do pa\u00eds internacionalmente.<\/p>\n\n\n\n<p>No dia 08 de abril, os ministros do\nSupremo Tribunal Federal decidiram por 9 a 2 que decretos estaduais e\nmunicipais que pro\u00edbem a realiza\u00e7\u00e3o de missas, cultos e demais celebra\u00e7\u00f5es\nreligiosas presenciais durante a pandemia estavam em conformidade com a\nConstitui\u00e7\u00e3o Federal, embora o texto na Carta Magna diga o oposto.<\/p>\n\n\n\n<p>Na ocasi\u00e3o, o pastor Marco Feliciano\n(Republicanos-SP)&nbsp;<a href=\"https:\/\/noticias.gospelmais.com.br\/feliciano-perseguicao-denunciara-comissao-interamericana-145592.html\"><strong>anunciou que\ndenunciaria o caso<\/strong><\/a>&nbsp;\u00e0 Comiss\u00e3o Interamericana de Direitos\nHumanos (CIDH) pelo cerceamento \u00e0 liberdade religiosa no pa\u00eds: \u201cEssa\nmonstruosidade tem que cessar!\u201d, protestou o deputado federal na ocasi\u00e3o,\ndemonstrando disposi\u00e7\u00e3o de expor os excessos do STF.<\/p>\n\n\n\n<p>Agora, um grupo substancial de\njuristas e parlamentares protocolou um pedido de audi\u00eancia no \u00f3rg\u00e3o aut\u00f4nomo\nligado \u00e0 Organiza\u00e7\u00e3o dos Estados Americanos (OEA), da qual o Brasil \u00e9 membro.<\/p>\n\n\n\n<p>De acordo com informa\u00e7\u00f5es do\njornal&nbsp;<a href=\"https:\/\/www.gazetadopovo.com.br\/vida-e-cidadania\/liberdade-religiosa-evangelicos-pedem-audiencia-comissao-oea\/#:~:text=%E2%80%9CA%20%C3%BAltima%20inst%C3%A2ncia%20do%20Poder,presenciais%2C%20impossibilitando%2Dos%2C%20portanto\" target=\"_blank\" rel=\"noreferrer noopener\"><em>Gazeta do Povo<\/em><\/a>, o pedido de audi\u00eancia argumenta que a\ninterven\u00e7\u00e3o do Estado na liberdade de culto \u00e9 inconstitucional: \u201cN\u00e3o poderia o\npoder p\u00fablico ingerir no funcionamento das atividades religiosas por violar os\nprinc\u00edpios da dignidade da pessoa humana, liberdade religiosa e laicidade\nestatal\u201d.<\/p>\n\n\n\n<p>Dentre os signat\u00e1rios est\u00e3o representantes\ndo Instituto Brasileiro de Direito e Religi\u00e3o (IBDR) e da Frente Parlamentar\nMista do Congresso Nacional em Defesa dos Direitos Humanos e da Justi\u00e7a Social.<\/p>\n\n\n\n<p>\u201cA \u00faltima inst\u00e2ncia do Poder\nJudici\u00e1rio brasileiro decidiu que prefeitos e governadores podem impedir,\natrav\u00e9s de decretos, sem o devido processo democr\u00e1tico de discuss\u00e3o e aprova\u00e7\u00e3o\nde uma lei nas respectivas casas legislativas, os cidad\u00e3os de realizarem\natividades religiosas presenciais, impossibilitando-os, portanto, de exercerem\no direito humano e constitucional de vi\u00e9s fundamental, garantia inegoci\u00e1vel \u00e0\nliberdade de cren\u00e7a e religi\u00e3o\u201d, diz o pedido encaminhado \u00e0 CIDH.<\/p>\n\n\n\n<p>No texto tamb\u00e9m est\u00e3o listadas quatro\nsolicita\u00e7\u00f5es \u00e0 CIDH, como \u201capresentar de modo mais detalhado informa\u00e7\u00f5es sobre\na situa\u00e7\u00e3o atual da liberdade religiosa e de culto no Brasil\u201d e \u201cdiscutir sobre\nos limites de cerceamento ou restri\u00e7\u00f5es das liberdades individuais e coletivas,\nentre elas a liberdade religiosa\u201d. <\/p>\n\n\n\n<p>As outras duas solicita\u00e7\u00f5es demandam\na discuss\u00e3o \u201csobre a aplicabilidade e o limite da imposi\u00e7\u00e3o de restri\u00e7\u00f5es \u00e0\nliberdade de manifesta\u00e7\u00e3o da religi\u00e3o por autoridades brasileiras durante a\npandemia do COVID-19, em conson\u00e2ncia com o disposto no art. 12, item 3, da\nConven\u00e7\u00e3o Americana sobre Direitos Humanos, com o prop\u00f3sito de evitar o\ncerceamento absoluto deste direito humano fundamental\u201d.<\/p>\n\n\n\n<p>Por fim, h\u00e1 um pedido de\n\u201cprovid\u00eancias da Comiss\u00e3o Interamericana de Direitos Humanos sobre a viola\u00e7\u00e3o\ndo direito \u00e0 liberdade religiosa no Brasil, a fim de investigar, adotar medidas\ncautelares espec\u00edficas, pronunciar e emitir recomenda\u00e7\u00f5es sobre o caso\u201d.<\/p>\n","protected":false},"excerpt":{"rendered":"<p>A decis\u00e3o do STF que relativizou a liberdade religiosa no Brasil sob o argumento de combate \u00e0 pandemia mobilizou um grupo de juristas e parlamentares cat\u00f3licos e evang\u00e9licos, que se uniram para denunciar a mais alta Corte do pa\u00eds internacionalmente. No dia 08 de abril, os ministros do Supremo Tribunal Federal decidiram por 9 a [&hellip;]<\/p>\n","protected":false},"author":2,"featured_media":8300,"comment_status":"open","ping_status":"open","sticky":false,"template":"","format":"standard","meta":[],"categories":[5],"tags":[],"_links":{"self":[{"href":"https:\/\/dgospel.com.br\/portal\/index.php\/wp-json\/wp\/v2\/posts\/8299"}],"collection":[{"href":"https:\/\/dgospel.com.br\/portal\/index.php\/wp-json\/wp\/v2\/posts"}],"about":[{"href":"https:\/\/dgospel.com.br\/portal\/index.php\/wp-json\/wp\/v2\/types\/post"}],"author":[{"embeddable":true,"href":"https:\/\/dgospel.com.br\/portal\/index.php\/wp-json\/wp\/v2\/users\/2"}],"replies":[{"embeddable":true,"href":"https:\/\/dgospel.com.br\/portal\/index.php\/wp-json\/wp\/v2\/comments?post=8299"}],"version-history":[{"count":1,"href":"https:\/\/dgospel.com.br\/portal\/index.php\/wp-json\/wp\/v2\/posts\/8299\/revisions"}],"predecessor-version":[{"id":8301,"href":"https:\/\/dgospel.com.br\/portal\/index.php\/wp-json\/wp\/v2\/posts\/8299\/revisions\/8301"}],"wp:featuredmedia":[{"embeddable":true,"href":"https:\/\/dgospel.com.br\/portal\/index.php\/wp-json\/wp\/v2\/media\/8300"}],"wp:attachment":[{"href":"https:\/\/dgospel.com.br\/portal\/index.php\/wp-json\/wp\/v2\/media?parent=8299"}],"wp:term":[{"taxonomy":"category","embeddable":true,"href":"https:\/\/dgospel.com.br\/portal\/index.php\/wp-json\/wp\/v2\/categories?post=8299"},{"taxonomy":"post_tag","embeddable":true,"href":"https:\/\/dgospel.com.br\/portal\/index.php\/wp-json\/wp\/v2\/tags?post=8299"}],"curies":[{"name":"wp","href":"https:\/\/api.w.org\/{rel}","templated":true}]}}