{"id":8302,"date":"2021-04-26T16:48:02","date_gmt":"2021-04-26T19:48:02","guid":{"rendered":"http:\/\/dgospel.com.br\/portal\/?p=8302"},"modified":"2021-04-26T16:48:04","modified_gmt":"2021-04-26T19:48:04","slug":"meio-ambiente-divulga-dados-do-monitor-de-secas-referente-a-marco-de-2021","status":"publish","type":"post","link":"https:\/\/dgospel.com.br\/portal\/index.php\/2021\/04\/26\/meio-ambiente-divulga-dados-do-monitor-de-secas-referente-a-marco-de-2021\/","title":{"rendered":"Meio Ambiente divulga dados do Monitor de Secas referente a mar\u00e7o de 2021"},"content":{"rendered":"\n<p>A Secretaria de Estado do Meio Ambiente e Recursos H\u00eddricos (Semarh)&nbsp;divulgou os dados do Monitor de Secas referentes ao m\u00eas de mar\u00e7o deste ano. O panorama apontado pela plataforma para o Tocantins indicou um quadro positivo de recuo da seca moderada (S1) no centro do Estado e da seca fraca (S0) no norte, isso ocorreu devido \u00e0s chuvas acima da m\u00e9dia registradas no m\u00eas nessas regi\u00f5es. Entretanto, no sudeste, a seca grave (S2) avan\u00e7ou, em fun\u00e7\u00e3o das anomalias negativas de precipita\u00e7\u00e3o. De forma geral, os impactos permanecem de curto prazo (C) no sudeste do Estado, e de curto e longo prazo (CL) nas demais \u00e1reas.<\/p>\n\n\n\n<p>Para o m\u00eas de mar\u00e7o, foram consultados 26 observadores de campo de 24 munic\u00edpios do Tocantins. As informa\u00e7\u00f5es levantadas pela rede de observadores, que se referem \u00e0&nbsp;percep\u00e7\u00e3o de eventos de manifesta\u00e7\u00e3o de seca, indicaram&nbsp;similaridade com os dados enviados pela equipe central do Monitor de Secas.<\/p>\n\n\n\n<p>Em rela\u00e7\u00e3o ao quadro de piora da condi\u00e7\u00e3o de seca na regi\u00e3o sudeste do Estado, o t\u00e9cnico Francisco Medeiros, um dos respons\u00e1veis pela valida\u00e7\u00e3o dos dados na Semarh, informou que \u201cos valores relativos ao c\u00e1lculo do \u00edndice de seca, o SPI 3, 6, 9 e 12 para regi\u00e3o que corresponde a parte das regi\u00f5es sul e sudeste para os meses de janeiro, fevereiro e mar\u00e7o, foram avaliados internamente a fim de verificar o grau de manifesta\u00e7\u00e3o desses eventos\u201d.<\/p>\n\n\n\n<p>O t\u00e9cnico ainda frisou que \u201cconstatamos que, nos meses de fevereiro e mar\u00e7o, os valores que demonstram quais&nbsp;os n\u00edveis de severidade da seca apresentaram valores que correspondem aos&nbsp;apresentados pela equipe central do Monitor, os quais, em grande parte, correspondem a eventos de seca de longa dura\u00e7\u00e3o, ou seja, oriundos de d\u00e9ficits negativos de precipita\u00e7\u00e3o avaliados ao longo de 12 meses. Esse quadro de piora na regi\u00e3o sudeste inspira aten\u00e7\u00e3o\u201d.<\/p>\n\n\n\n<p><strong>Monitor<\/strong>&nbsp;<strong>de<\/strong>&nbsp;<strong>Secas<\/strong><\/p>\n\n\n\n<p>O Monitor de Secas \u00e9 um processo de acompanhamento regular e peri\u00f3dico da situa\u00e7\u00e3o da seca em v\u00e1rios estados brasileiros, cujos resultados consolidados s\u00e3o divulgados por meio do Mapa do Monitor de Secas, que pode&nbsp;ser acompanhado&nbsp;clicando&nbsp;<a href=\"http:\/\/monitordesecas.ana.gov.br\/mapa?mes=3&amp;ano=2021\">aqui<\/a>.<\/p>\n\n\n\n<p>O Monitor facilita a tradu\u00e7\u00e3o das informa\u00e7\u00f5es em ferramentas e produtos utilizados&nbsp;por institui\u00e7\u00f5es tomadoras de decis\u00e3o e indiv\u00edduos, de modo a fortalecer os mecanismos de Monitoramento, Previs\u00e3o e Alerta Precoce. No Tocantins, as equipes t\u00e9cnicas da Semarh e da&nbsp;Coordenadoria Estadual de Prote\u00e7\u00e3o e Defesa Civil ficam a cargo do levantamento das informa\u00e7\u00f5es locais mensalmente.<\/p>\n","protected":false},"excerpt":{"rendered":"<p>A Secretaria de Estado do Meio Ambiente e Recursos H\u00eddricos (Semarh)&nbsp;divulgou os dados do Monitor de Secas referentes ao m\u00eas de mar\u00e7o deste ano. O panorama apontado pela plataforma para o Tocantins indicou um quadro positivo de recuo da seca moderada (S1) no centro do Estado e da seca fraca (S0) no norte, isso ocorreu [&hellip;]<\/p>\n","protected":false},"author":2,"featured_media":8303,"comment_status":"open","ping_status":"open","sticky":false,"template":"","format":"standard","meta":[],"categories":[3],"tags":[],"_links":{"self":[{"href":"https:\/\/dgospel.com.br\/portal\/index.php\/wp-json\/wp\/v2\/posts\/8302"}],"collection":[{"href":"https:\/\/dgospel.com.br\/portal\/index.php\/wp-json\/wp\/v2\/posts"}],"about":[{"href":"https:\/\/dgospel.com.br\/portal\/index.php\/wp-json\/wp\/v2\/types\/post"}],"author":[{"embeddable":true,"href":"https:\/\/dgospel.com.br\/portal\/index.php\/wp-json\/wp\/v2\/users\/2"}],"replies":[{"embeddable":true,"href":"https:\/\/dgospel.com.br\/portal\/index.php\/wp-json\/wp\/v2\/comments?post=8302"}],"version-history":[{"count":1,"href":"https:\/\/dgospel.com.br\/portal\/index.php\/wp-json\/wp\/v2\/posts\/8302\/revisions"}],"predecessor-version":[{"id":8304,"href":"https:\/\/dgospel.com.br\/portal\/index.php\/wp-json\/wp\/v2\/posts\/8302\/revisions\/8304"}],"wp:featuredmedia":[{"embeddable":true,"href":"https:\/\/dgospel.com.br\/portal\/index.php\/wp-json\/wp\/v2\/media\/8303"}],"wp:attachment":[{"href":"https:\/\/dgospel.com.br\/portal\/index.php\/wp-json\/wp\/v2\/media?parent=8302"}],"wp:term":[{"taxonomy":"category","embeddable":true,"href":"https:\/\/dgospel.com.br\/portal\/index.php\/wp-json\/wp\/v2\/categories?post=8302"},{"taxonomy":"post_tag","embeddable":true,"href":"https:\/\/dgospel.com.br\/portal\/index.php\/wp-json\/wp\/v2\/tags?post=8302"}],"curies":[{"name":"wp","href":"https:\/\/api.w.org\/{rel}","templated":true}]}}