{"id":8305,"date":"2021-04-26T16:49:52","date_gmt":"2021-04-26T19:49:52","guid":{"rendered":"http:\/\/dgospel.com.br\/portal\/?p=8305"},"modified":"2021-04-26T16:49:54","modified_gmt":"2021-04-26T19:49:54","slug":"governador-mauro-carlesse-determina-nova-edicao-da-agrotins-100-digital","status":"publish","type":"post","link":"https:\/\/dgospel.com.br\/portal\/index.php\/2021\/04\/26\/governador-mauro-carlesse-determina-nova-edicao-da-agrotins-100-digital\/","title":{"rendered":"Governador Mauro Carlesse determina nova edi\u00e7\u00e3o da Agrotins 100% Digital"},"content":{"rendered":"\n<p>A Feira Agrotecnol\u00f3gica do Tocantins (Agrotins) de 2021 ocorrer\u00e1 de 15 a 18 de junho e ser\u00e1 realizada de maneira 100% digital, assim como ocorreu no ano passado, devido \u00e0 pandemia da Covid-19. A determina\u00e7\u00e3o foi dada pelo governador do Estado do Tocantins, Mauro Carlesse, nesta segunda-feira, 26, em reuni\u00e3o com o secret\u00e1rio de Estado da Agricultura, Pecu\u00e1ria e Aquicultura, Jaime Caf\u00e9.<\/p>\n\n\n\n<p>O governador Mauro Carlesse destacou o desejo de que a Feira fosse realizada de maneira presencial, mas ressaltou que o momento exige dos gestores medidas que evitem a propaga\u00e7\u00e3o do novo Coronav\u00edrus. \u201cAs medidas que o Estado vem adotando para impedir a propaga\u00e7\u00e3o do novo Coronav\u00edrus no Tocantins n\u00e3o podem impedir a realiza\u00e7\u00e3o de um evento t\u00e3o importante para os nossos produtores e investidores, como \u00e9 a Agrotins. Por isso, determinei a realiza\u00e7\u00e3o da Agrotins de maneira totalmente digital, assim garantimos que todos possam fazer seus neg\u00f3cios, cursos e oficinas de maneira segura\u201d, afirmou.<\/p>\n\n\n\n<p>Com o tema&nbsp;<em>Agro 4.0: Tecnologia no Campo,&nbsp;<\/em>a feira deste ano pretende deixar o produtor rural mais conectado e apresentar maneiras inovadoras de gest\u00e3o, planejamento, monitoramento e controle de produ\u00e7\u00e3o.<\/p>\n\n\n\n<p>O titular da Secretaria de Estado da Agricultura, Pecu\u00e1ria e Aquicultura (Seagro), Jaime Caf\u00e9, informou que todo o processo de planejamento, organiza\u00e7\u00e3o, convites para expositores e parceiros j\u00e1 est\u00e1&nbsp;ocorrendo e refor\u00e7ou o car\u00e1ter inovador da feira. &#8220;O compromisso novamente do Governo \u00e9 de apoiar todas as cadeias produtivas do Estado com discuss\u00f5es sobre ferramentas tecnol\u00f3gicas que facilitem para o&nbsp;produtor, com agilidade para a tomada de decis\u00e3o e, consequentemente,&nbsp;aumente a efici\u00eancia na gest\u00e3o dessa propriedade\u201d, pontuou.<\/p>\n\n\n\n<p>A \u00faltima edi\u00e7\u00e3o da Agrotins, em 2020, capacitou 5 mil pessoas e registrou mais de 470 mil visualiza\u00e7\u00f5es na plataforma do evento na internet provenientes de 62 pa\u00edses. A programa\u00e7\u00e3o completa da edi\u00e7\u00e3o deste ano ainda est\u00e1 sendo elaborada pela Seagro e o lan\u00e7amento oficial da feira dever\u00e1 ocorrer em maio.<\/p>\n\n\n\n<p><strong>Agrotins<\/strong><\/p>\n\n\n\n<p>A Agrotins \u00e9 realizada anualmente pelo Governo do Tocantins, por meio da Seagro e parceiros, e conta com uma programa\u00e7\u00e3o diversa com: palestras, workshops, semin\u00e1rios e conte\u00fados fundamentais para o mundo do agroneg\u00f3cio. Al\u00e9m disso, h\u00e1 tamb\u00e9m exposi\u00e7\u00e3o de maquin\u00e1rios, ve\u00edculos, produtos e servi\u00e7os.<\/p>\n","protected":false},"excerpt":{"rendered":"<p>A Feira Agrotecnol\u00f3gica do Tocantins (Agrotins) de 2021 ocorrer\u00e1 de 15 a 18 de junho e ser\u00e1 realizada de maneira 100% digital, assim como ocorreu no ano passado, devido \u00e0 pandemia da Covid-19. A determina\u00e7\u00e3o foi dada pelo governador do Estado do Tocantins, Mauro Carlesse, nesta segunda-feira, 26, em reuni\u00e3o com o secret\u00e1rio de Estado [&hellip;]<\/p>\n","protected":false},"author":2,"featured_media":8306,"comment_status":"open","ping_status":"open","sticky":false,"template":"","format":"standard","meta":[],"categories":[3],"tags":[13],"_links":{"self":[{"href":"https:\/\/dgospel.com.br\/portal\/index.php\/wp-json\/wp\/v2\/posts\/8305"}],"collection":[{"href":"https:\/\/dgospel.com.br\/portal\/index.php\/wp-json\/wp\/v2\/posts"}],"about":[{"href":"https:\/\/dgospel.com.br\/portal\/index.php\/wp-json\/wp\/v2\/types\/post"}],"author":[{"embeddable":true,"href":"https:\/\/dgospel.com.br\/portal\/index.php\/wp-json\/wp\/v2\/users\/2"}],"replies":[{"embeddable":true,"href":"https:\/\/dgospel.com.br\/portal\/index.php\/wp-json\/wp\/v2\/comments?post=8305"}],"version-history":[{"count":1,"href":"https:\/\/dgospel.com.br\/portal\/index.php\/wp-json\/wp\/v2\/posts\/8305\/revisions"}],"predecessor-version":[{"id":8307,"href":"https:\/\/dgospel.com.br\/portal\/index.php\/wp-json\/wp\/v2\/posts\/8305\/revisions\/8307"}],"wp:featuredmedia":[{"embeddable":true,"href":"https:\/\/dgospel.com.br\/portal\/index.php\/wp-json\/wp\/v2\/media\/8306"}],"wp:attachment":[{"href":"https:\/\/dgospel.com.br\/portal\/index.php\/wp-json\/wp\/v2\/media?parent=8305"}],"wp:term":[{"taxonomy":"category","embeddable":true,"href":"https:\/\/dgospel.com.br\/portal\/index.php\/wp-json\/wp\/v2\/categories?post=8305"},{"taxonomy":"post_tag","embeddable":true,"href":"https:\/\/dgospel.com.br\/portal\/index.php\/wp-json\/wp\/v2\/tags?post=8305"}],"curies":[{"name":"wp","href":"https:\/\/api.w.org\/{rel}","templated":true}]}}