{"id":8309,"date":"2021-04-27T10:18:59","date_gmt":"2021-04-27T13:18:59","guid":{"rendered":"http:\/\/dgospel.com.br\/portal\/?p=8309"},"modified":"2021-04-27T10:19:01","modified_gmt":"2021-04-27T13:19:01","slug":"feliciano-cumpre-promessa-e-vai-a-oea-por-perseguicao-religiosa","status":"publish","type":"post","link":"https:\/\/dgospel.com.br\/portal\/index.php\/2021\/04\/27\/feliciano-cumpre-promessa-e-vai-a-oea-por-perseguicao-religiosa\/","title":{"rendered":"Feliciano cumpre promessa e vai \u00e0 OEA por \u2018persegui\u00e7\u00e3o religiosa\u2019"},"content":{"rendered":"\n<p> O deputado federal Marco Feliciano \u201ccumpriu sua promessa\u201d e acionou a Organiza\u00e7\u00e3o dos Estados Americanos (OEA) ap\u00f3s o Supremo Tribunal Federal (STF) liberar estados e munic\u00edpios a fecharem igrejas durante a pandemia. Em suas redes sociais, o parlamentar disse que pediu uma audi\u00eancia para discutir a \u201cpersegui\u00e7\u00e3o religiosa que est\u00e1 ocorrendo no Brasil\u201d. <\/p>\n\n\n\n<p> A decis\u00e3o do STF ocorreu no dia 8 de abril, quando julgou uma a\u00e7\u00e3o do PSD contra um decreto do governador Jo\u00e3o Doria, que proibiu a realiza\u00e7\u00e3o de missas e cultos nas fases mais restritivas do plano de combate \u00e0 covid-19. Na ocasi\u00e3o, por 9 votos a 2, a Corte liberou prefeitos e governadores a barrarem cultos e missas. <\/p>\n\n\n\n<p>Ao falar sobre sua iniciativa, Feliciano chamou a decis\u00e3o do Supremo de absurda.<\/p>\n\n\n\n<p>\u2013&nbsp;Como o prometido, protocolei junto a OEA pedido de audi\u00eancia para discutir a persegui\u00e7\u00e3o religiosa que est\u00e1 ocorrendo no Brasil. O objetivo final \u00e9 levar a Corte Interamericana de Direitos Humanos condenar o absurdo do STF fechando igrejas! Grande parceria com o IBDR!!&nbsp;\u2013 escreveu.<\/p>\n\n\n\n<figure class=\"wp-block-image\"><img src=\"https:\/\/static.cdn.pleno.news\/2021\/04\/Felic-1.png\" alt=\"\" class=\"wp-image-708359\"\/><\/figure>\n","protected":false},"excerpt":{"rendered":"<p>O deputado federal Marco Feliciano \u201ccumpriu sua promessa\u201d e acionou a Organiza\u00e7\u00e3o dos Estados Americanos (OEA) ap\u00f3s o Supremo Tribunal Federal (STF) liberar estados e munic\u00edpios a fecharem igrejas durante a pandemia. Em suas redes sociais, o parlamentar disse que pediu uma audi\u00eancia para discutir a \u201cpersegui\u00e7\u00e3o religiosa que est\u00e1 ocorrendo no Brasil\u201d. A decis\u00e3o [&hellip;]<\/p>\n","protected":false},"author":2,"featured_media":8310,"comment_status":"open","ping_status":"open","sticky":false,"template":"","format":"standard","meta":[],"categories":[4],"tags":[13],"_links":{"self":[{"href":"https:\/\/dgospel.com.br\/portal\/index.php\/wp-json\/wp\/v2\/posts\/8309"}],"collection":[{"href":"https:\/\/dgospel.com.br\/portal\/index.php\/wp-json\/wp\/v2\/posts"}],"about":[{"href":"https:\/\/dgospel.com.br\/portal\/index.php\/wp-json\/wp\/v2\/types\/post"}],"author":[{"embeddable":true,"href":"https:\/\/dgospel.com.br\/portal\/index.php\/wp-json\/wp\/v2\/users\/2"}],"replies":[{"embeddable":true,"href":"https:\/\/dgospel.com.br\/portal\/index.php\/wp-json\/wp\/v2\/comments?post=8309"}],"version-history":[{"count":1,"href":"https:\/\/dgospel.com.br\/portal\/index.php\/wp-json\/wp\/v2\/posts\/8309\/revisions"}],"predecessor-version":[{"id":8311,"href":"https:\/\/dgospel.com.br\/portal\/index.php\/wp-json\/wp\/v2\/posts\/8309\/revisions\/8311"}],"wp:featuredmedia":[{"embeddable":true,"href":"https:\/\/dgospel.com.br\/portal\/index.php\/wp-json\/wp\/v2\/media\/8310"}],"wp:attachment":[{"href":"https:\/\/dgospel.com.br\/portal\/index.php\/wp-json\/wp\/v2\/media?parent=8309"}],"wp:term":[{"taxonomy":"category","embeddable":true,"href":"https:\/\/dgospel.com.br\/portal\/index.php\/wp-json\/wp\/v2\/categories?post=8309"},{"taxonomy":"post_tag","embeddable":true,"href":"https:\/\/dgospel.com.br\/portal\/index.php\/wp-json\/wp\/v2\/tags?post=8309"}],"curies":[{"name":"wp","href":"https:\/\/api.w.org\/{rel}","templated":true}]}}