{"id":8312,"date":"2021-04-27T10:35:31","date_gmt":"2021-04-27T13:35:31","guid":{"rendered":"http:\/\/dgospel.com.br\/portal\/?p=8312"},"modified":"2021-04-27T10:35:33","modified_gmt":"2021-04-27T13:35:33","slug":"premio-ibest-vai-escolher-personalidade-religiosa-do-ano","status":"publish","type":"post","link":"https:\/\/dgospel.com.br\/portal\/index.php\/2021\/04\/27\/premio-ibest-vai-escolher-personalidade-religiosa-do-ano\/","title":{"rendered":"Pr\u00eamio iBest vai escolher Personalidade Religiosa do Ano"},"content":{"rendered":"\n<p> O iBest \u00e9 um dos principais pr\u00eamios da internet brasileira. Neste ano, j\u00e1 foram anunciadas 61 das 88 categorias da premia\u00e7\u00e3o. <\/p>\n\n\n\n<p> Bruna Karla, Minist\u00e9rio Morada, Pr. Lucinho, monsenhor Jonas Abib, Frei Gilson, Cassiane, padre Paulo Ricardo, Fabiola Melo, Luca Martini, padre Adriano Zandon\u00e1, Ana Paula Valad\u00e3o, Bruno Farias Silva, Breno Ferreira, Francisco Caldas e Marco Feliciano est\u00e3o concorrendo ao Pr\u00eamio Ibest 2021, na categoria Personalidade Religiosa do Ano. Clique\u00a0<a rel=\"noreferrer noopener\" href=\"https:\/\/vote.premioibest.com\/votacao\/personalidade-religiosa-do-ano\" target=\"_blank\">aqui<\/a>\u00a0para votar. No ano passado, os\u00a0<a rel=\"noreferrer noopener\" href=\"https:\/\/www.premioibest.com\/vencedores-personalidadesreligiosas\" target=\"_blank\">vencedores<\/a>\u00a0dessa categoria foram o padre F\u00e1bio de Melo, eleito pelo j\u00fari da Academia iBest, e o padre Marcelo Rossi, escolhido pelo j\u00fari popular. <\/p>\n\n\n\n<p>A premia\u00e7\u00e3o foi criada pelo empres\u00e1rio Marcos Wettreich em 1995, ano do lan\u00e7amento da internet comercial no Brasil.<\/p>\n\n\n\n<p>As outras categorias incluem Humor, Investimentos, Viagem e Turismo, Infantil, Educa\u00e7\u00e3o, Pol\u00edtica, e A\u00e7\u00f5es Sociais. Clique&nbsp;<a href=\"https:\/\/www.premioibest.com\/categorias-explicacao\" target=\"_blank\" rel=\"noreferrer noopener\">aqui<\/a>&nbsp;para conferir a lista completa.<\/p>\n\n\n\n<p>Os vencedores da edi\u00e7\u00e3o 2021 ser\u00e3o anunciados a partir de 8 de novembro de 2021.<\/p>\n","protected":false},"excerpt":{"rendered":"<p>O iBest \u00e9 um dos principais pr\u00eamios da internet brasileira. Neste ano, j\u00e1 foram anunciadas 61 das 88 categorias da premia\u00e7\u00e3o. Bruna Karla, Minist\u00e9rio Morada, Pr. Lucinho, monsenhor Jonas Abib, Frei Gilson, Cassiane, padre Paulo Ricardo, Fabiola Melo, Luca Martini, padre Adriano Zandon\u00e1, Ana Paula Valad\u00e3o, Bruno Farias Silva, Breno Ferreira, Francisco Caldas e Marco [&hellip;]<\/p>\n","protected":false},"author":2,"featured_media":8313,"comment_status":"open","ping_status":"open","sticky":false,"template":"","format":"standard","meta":[],"categories":[17],"tags":[],"_links":{"self":[{"href":"https:\/\/dgospel.com.br\/portal\/index.php\/wp-json\/wp\/v2\/posts\/8312"}],"collection":[{"href":"https:\/\/dgospel.com.br\/portal\/index.php\/wp-json\/wp\/v2\/posts"}],"about":[{"href":"https:\/\/dgospel.com.br\/portal\/index.php\/wp-json\/wp\/v2\/types\/post"}],"author":[{"embeddable":true,"href":"https:\/\/dgospel.com.br\/portal\/index.php\/wp-json\/wp\/v2\/users\/2"}],"replies":[{"embeddable":true,"href":"https:\/\/dgospel.com.br\/portal\/index.php\/wp-json\/wp\/v2\/comments?post=8312"}],"version-history":[{"count":1,"href":"https:\/\/dgospel.com.br\/portal\/index.php\/wp-json\/wp\/v2\/posts\/8312\/revisions"}],"predecessor-version":[{"id":8314,"href":"https:\/\/dgospel.com.br\/portal\/index.php\/wp-json\/wp\/v2\/posts\/8312\/revisions\/8314"}],"wp:featuredmedia":[{"embeddable":true,"href":"https:\/\/dgospel.com.br\/portal\/index.php\/wp-json\/wp\/v2\/media\/8313"}],"wp:attachment":[{"href":"https:\/\/dgospel.com.br\/portal\/index.php\/wp-json\/wp\/v2\/media?parent=8312"}],"wp:term":[{"taxonomy":"category","embeddable":true,"href":"https:\/\/dgospel.com.br\/portal\/index.php\/wp-json\/wp\/v2\/categories?post=8312"},{"taxonomy":"post_tag","embeddable":true,"href":"https:\/\/dgospel.com.br\/portal\/index.php\/wp-json\/wp\/v2\/tags?post=8312"}],"curies":[{"name":"wp","href":"https:\/\/api.w.org\/{rel}","templated":true}]}}