{"id":8315,"date":"2021-04-27T18:04:03","date_gmt":"2021-04-27T21:04:03","guid":{"rendered":"http:\/\/dgospel.com.br\/portal\/?p=8315"},"modified":"2021-04-27T18:04:04","modified_gmt":"2021-04-27T21:04:04","slug":"vereador-rubens-uchoa-propoe-inclusao-de-pastores-e-padres-no-grupo-de-prioridades-de-vacinacao-contra-a-covid-19-em-palmas","status":"publish","type":"post","link":"https:\/\/dgospel.com.br\/portal\/index.php\/2021\/04\/27\/vereador-rubens-uchoa-propoe-inclusao-de-pastores-e-padres-no-grupo-de-prioridades-de-vacinacao-contra-a-covid-19-em-palmas\/","title":{"rendered":"Vereador Rubens Uch\u00f4a prop\u00f5e inclus\u00e3o de pastores e padres no grupo de prioridades de vacina\u00e7\u00e3o contra a Covid-19 em Palmas"},"content":{"rendered":"\n<p>O vereador Rubens Uch\u00f4a (Cidadania), apresentou um requerimento na\nSess\u00e3o Ordin\u00e1ria desta ter\u00e7a-feira (27), solicitando ao Poder Executivo\nMunicipal a inclus\u00e3o de pastores, padres e demais l\u00edderes religiosos no grupo de\nprioridades da vacina\u00e7\u00e3o contra a Covid-19 em Palmas. O requerimento\nque foi aprovada por unanimidade pelos os vereadores, agora ser\u00e1 encaminhada \u00e0\nprefeitura. <\/p>\n\n\n\n<p>O parlamentar justifica que os l\u00edderes religiosos realizam diariamente trabalhos em contato direto com a\npopula\u00e7\u00e3o, desde visitas domiciliares, em hospitais, nos cultos e\nmissas, at\u00e9 as cerim\u00f4nias f\u00fanebres, \u201csendo que, mesmo seguindo os protocolos de\npreven\u00e7\u00e3o, muitos foram v\u00edtimas da covid-19\u201d.<\/p>\n\n\n\n<p>\u201cPastores, padres e outros l\u00edderes religiosos possuem como\nof\u00edcio principal a presta\u00e7\u00e3o de aux\u00edlio espiritual \u00e0s pessoas, desempenhando\ntamb\u00e9m papel fundamental no fortalecimento da f\u00e9, sendo que neste per\u00edodo dif\u00edcil\npelo qual todos estamos passando, estes tamb\u00e9m t\u00eam sido essenciais para trazer\no alento e a esperan\u00e7a que muitas fam\u00edlias tanto necessitam\u201d, disse o vereador <\/p>\n","protected":false},"excerpt":{"rendered":"<p>O vereador Rubens Uch\u00f4a (Cidadania), apresentou um requerimento na Sess\u00e3o Ordin\u00e1ria desta ter\u00e7a-feira (27), solicitando ao Poder Executivo Municipal a inclus\u00e3o de pastores, padres e demais l\u00edderes religiosos no grupo de prioridades da vacina\u00e7\u00e3o contra a Covid-19 em Palmas. O requerimento que foi aprovada por unanimidade pelos os vereadores, agora ser\u00e1 encaminhada \u00e0 prefeitura. O [&hellip;]<\/p>\n","protected":false},"author":2,"featured_media":8316,"comment_status":"open","ping_status":"open","sticky":false,"template":"","format":"standard","meta":[],"categories":[8],"tags":[],"_links":{"self":[{"href":"https:\/\/dgospel.com.br\/portal\/index.php\/wp-json\/wp\/v2\/posts\/8315"}],"collection":[{"href":"https:\/\/dgospel.com.br\/portal\/index.php\/wp-json\/wp\/v2\/posts"}],"about":[{"href":"https:\/\/dgospel.com.br\/portal\/index.php\/wp-json\/wp\/v2\/types\/post"}],"author":[{"embeddable":true,"href":"https:\/\/dgospel.com.br\/portal\/index.php\/wp-json\/wp\/v2\/users\/2"}],"replies":[{"embeddable":true,"href":"https:\/\/dgospel.com.br\/portal\/index.php\/wp-json\/wp\/v2\/comments?post=8315"}],"version-history":[{"count":1,"href":"https:\/\/dgospel.com.br\/portal\/index.php\/wp-json\/wp\/v2\/posts\/8315\/revisions"}],"predecessor-version":[{"id":8317,"href":"https:\/\/dgospel.com.br\/portal\/index.php\/wp-json\/wp\/v2\/posts\/8315\/revisions\/8317"}],"wp:featuredmedia":[{"embeddable":true,"href":"https:\/\/dgospel.com.br\/portal\/index.php\/wp-json\/wp\/v2\/media\/8316"}],"wp:attachment":[{"href":"https:\/\/dgospel.com.br\/portal\/index.php\/wp-json\/wp\/v2\/media?parent=8315"}],"wp:term":[{"taxonomy":"category","embeddable":true,"href":"https:\/\/dgospel.com.br\/portal\/index.php\/wp-json\/wp\/v2\/categories?post=8315"},{"taxonomy":"post_tag","embeddable":true,"href":"https:\/\/dgospel.com.br\/portal\/index.php\/wp-json\/wp\/v2\/tags?post=8315"}],"curies":[{"name":"wp","href":"https:\/\/api.w.org\/{rel}","templated":true}]}}