{"id":832,"date":"2018-07-25T10:20:59","date_gmt":"2018-07-25T13:20:59","guid":{"rendered":"http:\/\/dgospel.com.br\/portal\/?p=832"},"modified":"2018-07-25T10:20:59","modified_gmt":"2018-07-25T13:20:59","slug":"israel-anuncia-apoio-aos-cristaos-perseguidos-no-ira","status":"publish","type":"post","link":"https:\/\/dgospel.com.br\/portal\/index.php\/2018\/07\/25\/israel-anuncia-apoio-aos-cristaos-perseguidos-no-ira\/","title":{"rendered":"Israel anuncia apoio aos crist\u00e3os perseguidos no Ir\u00e3"},"content":{"rendered":"<p>O primeiro-ministro de Israel, Benjamin Netanyahu, anunciou nesta segunda-feira (23) que a na\u00e7\u00e3o continuar\u00e1 defendendo os crist\u00e3os que est\u00e3o sendo perseguidos pelo Ir\u00e3, em uma confer\u00eancia realizada em Washington, nos Estados Unidos, pela organiza\u00e7\u00e3o\u00a0<em>Crist\u00e3os Unidos por Israel.<\/em><\/p>\n<p>\u201cInfelizmente, alguns pa\u00edses n\u00e3o respeitam os crist\u00e3os. No Ir\u00e3, os crist\u00e3os s\u00e3o brutalmente perseguidos e os pastores passam anos na pris\u00e3o\u201d, disse Netanyahu em um discurso via sat\u00e9lite. \u201cMe deixe dizer claramente: Israel est\u00e1 em completa solidariedade com os crist\u00e3os perseguidos no Ir\u00e3\u201d.<\/p>\n<p>Netanyahu questionou por qual motivo tantos ficam em sil\u00eancio enquanto os crist\u00e3os s\u00e3o presos e torturados no Ir\u00e3. \u201cN\u00f3s em Israel n\u00e3o ficaremos em sil\u00eancio, e eu vou continuar apurando a situa\u00e7\u00e3o do sofrimento do povo iraniano: crist\u00e3os, bah\u00e1&#8217;\u00eds, estudantes, jornalistas\u201d, acrescentou.<\/p>\n<p>O primeiro-ministro observou que Israel \u00e9 o \u00fanico pa\u00eds do Oriente M\u00e9dio onde os crist\u00e3os \u201cn\u00e3o apenas sobrevivem, mas prosperam\u201d. \u201cLocais sagrados para os crist\u00e3os s\u00e3o protegidos e a adora\u00e7\u00e3o crist\u00e3 \u00e9 feita sem medo. Os crist\u00e3os alcan\u00e7aram n\u00edveis incr\u00edveis em Israel\u201d.<\/p>\n<p>A Crist\u00e3os Unidos por Israel, fundada e liderada pelo pastor John Hagee, tem milh\u00f5es de membros e se autodenomina a \u201cmaior organiza\u00e7\u00e3o pr\u00f3-Israel dos Estados Unidos\u201d. O evento que se encerra nesta ter\u00e7a (24) \u00e9 sua maior c\u00fapula de todos os tempos.<\/p>\n<p>A influ\u00eancia da organiza\u00e7\u00e3o foi um fator importante na decis\u00e3o do presidente dos EUA, Donald Trump, de reconhecer Jerusal\u00e9m como capital de Israel e transferir a embaixada norte-americana para l\u00e1.<\/p>\n<p>Os crist\u00e3os conhecem uma \u201cverdade fundamental\u201d, de acordo com Netanyahu: \u201cJerusal\u00e9m tem sido a capital do povo judeu por 3 mil anos. Jerusal\u00e9m \u00e9 a capital de Israel h\u00e1 70 anos. E Jerusal\u00e9m ser\u00e1 sempre a nossa capital\u201d.<\/p>\n<p><strong>Origem na B\u00edblia<\/strong><\/p>\n<p>Dentre os palestrantes da confer\u00eancia tamb\u00e9m estava a embaixadora dos EUA na Organiza\u00e7\u00e3o das Na\u00e7\u00f5es Unidas (ONU), Nikki Haley, que declarou que sua f\u00e9 crist\u00e3 tem impulsionado seu forte apoio a Israel.<\/p>\n<p>\u201cEu n\u00e3o sou judia, mesmo que isso surpreenda algumas pessoas. Eu tamb\u00e9m n\u00e3o fui criada como crist\u00e3. Vinte anos atr\u00e1s, minha jornada de f\u00e9 me trouxe ao cristianismo, onde encontrei for\u00e7a em minha f\u00e9 e confian\u00e7a em meu cora\u00e7\u00e3o&#8221;, Haley explicou.<\/p>\n<p>\u201cMas eu tamb\u00e9m sou uma pessoa que \u00e9 humilde em sua f\u00e9. Eu n\u00e3o reivindico ter a sabedoria do que Deus tem reservado para mim ou para outras pessoas&#8221;, continuou a embaixadora. \u201cO que eu sei \u00e9 que Deus aben\u00e7oou a Am\u00e9rica com grandeza e bondade e sei que no mundo perigoso em que vivemos, \u00e9 absolutamente arriscado que os EUA tenham as costas dos nossos amigos. Estamos com Israel\u201d, destacou.<\/p>\n<p>&nbsp;<\/p>\n<p><strong>Fonte: Guiame\/ Com informa\u00e7\u00f5es do Times of Israel\u00a0<\/strong><\/p>\n","protected":false},"excerpt":{"rendered":"<p>O primeiro-ministro de Israel, Benjamin Netanyahu, anunciou nesta segunda-feira (23) que a na\u00e7\u00e3o continuar\u00e1 defendendo os crist\u00e3os que est\u00e3o sendo perseguidos pelo Ir\u00e3, em uma confer\u00eancia realizada em Washington, nos Estados Unidos, pela organiza\u00e7\u00e3o\u00a0Crist\u00e3os Unidos por Israel. \u201cInfelizmente, alguns pa\u00edses n\u00e3o respeitam os crist\u00e3os. No Ir\u00e3, os crist\u00e3os s\u00e3o brutalmente perseguidos e os pastores passam [&hellip;]<\/p>\n","protected":false},"author":2,"featured_media":833,"comment_status":"open","ping_status":"open","sticky":false,"template":"","format":"standard","meta":[],"categories":[2,10,5],"tags":[],"_links":{"self":[{"href":"https:\/\/dgospel.com.br\/portal\/index.php\/wp-json\/wp\/v2\/posts\/832"}],"collection":[{"href":"https:\/\/dgospel.com.br\/portal\/index.php\/wp-json\/wp\/v2\/posts"}],"about":[{"href":"https:\/\/dgospel.com.br\/portal\/index.php\/wp-json\/wp\/v2\/types\/post"}],"author":[{"embeddable":true,"href":"https:\/\/dgospel.com.br\/portal\/index.php\/wp-json\/wp\/v2\/users\/2"}],"replies":[{"embeddable":true,"href":"https:\/\/dgospel.com.br\/portal\/index.php\/wp-json\/wp\/v2\/comments?post=832"}],"version-history":[{"count":1,"href":"https:\/\/dgospel.com.br\/portal\/index.php\/wp-json\/wp\/v2\/posts\/832\/revisions"}],"predecessor-version":[{"id":834,"href":"https:\/\/dgospel.com.br\/portal\/index.php\/wp-json\/wp\/v2\/posts\/832\/revisions\/834"}],"wp:featuredmedia":[{"embeddable":true,"href":"https:\/\/dgospel.com.br\/portal\/index.php\/wp-json\/wp\/v2\/media\/833"}],"wp:attachment":[{"href":"https:\/\/dgospel.com.br\/portal\/index.php\/wp-json\/wp\/v2\/media?parent=832"}],"wp:term":[{"taxonomy":"category","embeddable":true,"href":"https:\/\/dgospel.com.br\/portal\/index.php\/wp-json\/wp\/v2\/categories?post=832"},{"taxonomy":"post_tag","embeddable":true,"href":"https:\/\/dgospel.com.br\/portal\/index.php\/wp-json\/wp\/v2\/tags?post=832"}],"curies":[{"name":"wp","href":"https:\/\/api.w.org\/{rel}","templated":true}]}}