{"id":8327,"date":"2021-04-28T12:01:45","date_gmt":"2021-04-28T15:01:45","guid":{"rendered":"http:\/\/dgospel.com.br\/portal\/?p=8327"},"modified":"2021-04-28T12:01:47","modified_gmt":"2021-04-28T15:01:47","slug":"acao-emergencial-do-governo-do-tocantins-inicia-entrega-de-alimentos-para-cerca-de-2-mil-familias-da-zona-rural-de-porto-nacional-e-regiao","status":"publish","type":"post","link":"https:\/\/dgospel.com.br\/portal\/index.php\/2021\/04\/28\/acao-emergencial-do-governo-do-tocantins-inicia-entrega-de-alimentos-para-cerca-de-2-mil-familias-da-zona-rural-de-porto-nacional-e-regiao\/","title":{"rendered":"A\u00e7\u00e3o Emergencial do Governo do Tocantins inicia entrega de alimentos para cerca de 2 mil fam\u00edlias da zona rural de Porto Nacional e regi\u00e3o"},"content":{"rendered":"\n<p>O Governo do Tocantins, por meio do Instituto de Desenvolvimento Rural do Tocantins (Ruraltins) e da Secretaria do Trabalho e Desenvolvimento Social (Setas), inicia nesta quarta-feira, 28, a entrega de cestas b\u00e1sicas para cerca de 2 mil fam\u00edlias de assentamentos rurais e comunidades tradicionais quilombolas da regi\u00e3o de Porto Nacional e do munic\u00edpio de Palmas. A a\u00e7\u00e3o faz parte das medidas emergenciais do Governo do Tocantins \u00e0s fam\u00edlias da zona rural&nbsp;impactadas pela pandemia do novo Coronav\u00edrus, causador da Covid-19.<\/p>\n\n\n\n<p>Esta \u00e9 a segunda etapa de entrega de alimentos realizada pelo Governo do Tocantins aos pequenos agricultores e comunidades tradicionais, demonstrando toda preocupa\u00e7\u00e3o do governador Mauro Carlesse, neste momento de pandemia. A for\u00e7a-tarefa vai atender os munic\u00edpios de Porto Nacional, Ipueiras, Santa Rosa, Santa Rita,Brejinho de Nazar\u00e9, F\u00e1tima, Palmas e Lajeado.&nbsp;<\/p>\n\n\n\n<p>A equipe \u00e9 coordenada&nbsp;&nbsp;pelo vice-presidente do Ruraltins, Jos\u00e9 An\u00edbal Lamattina, que refor\u00e7a o empenho da equipe do Ruraltins em empreender de forma eficiente a miss\u00e3o dada pelo governador Mauro Carlesse. \u201cNossa equipe, em apoio \u00e0 Setas, est\u00e1 empenhada em garantir a seguran\u00e7a alimentar das fam\u00edlias rurais que tiveram sua renda comprometida em virtude da pandemia. J\u00e1 estamos na segunda etapa com atendimento a mais de 38 mil fam\u00edlias de pequenos produtores e comunidades tradicionais quilombola&#8221;, frisa.<\/p>\n\n\n\n<p>O presidente do Ruraltins, Fabiano Miranda, ressalta que \u00e9 muito importante a uni\u00e3o de todos nesse momento para que os alimentos cheguem a quem realmente necessita.&nbsp;\u201cA uni\u00e3o de todos \u00e9 determinante para que as fam\u00edlias mais afetadas possam ter esperan\u00e7a e saber que podem contar com o apoio do Governo do Estado para superar as dificuldades e desafios advindos da pandemia\u201d.<\/p>\n\n\n\n<p><strong>Transpar\u00eancia e controle<\/strong><\/p>\n\n\n\n<p>&nbsp;A aquisi\u00e7\u00e3o e a distribui\u00e7\u00e3o das cestas b\u00e1sicas, por compra direta, fazem parte da a\u00e7\u00e3o emergencial do Governo do Tocantins para minimizar os efeitos da pandemia nas fam\u00edlias mais vulner\u00e1veis do Estado.&nbsp;<\/p>\n\n\n\n<p>Os recursos s\u00e3o oriundos do Fundo Estadual de Combate e Erradica\u00e7\u00e3o da Pobreza (Fecoep-TO) e de emendas parlamentares de deputados estaduais.&nbsp;<\/p>\n\n\n\n<p>Os processos referentes \u00e0s aquisi\u00e7\u00f5es e aos contratos realizados no contexto da Covid-19 est\u00e3o dispon\u00edveis no Portal da Transpar\u00eancia pelo endere\u00e7o&nbsp;<a href=\"http:\/\/www.transparencia.to.gov.br\/\">http:\/\/www.transparencia.to.gov.br<\/a>. Para consultar, acesse na p\u00e1gina principal a aba azul &#8211; Consulta Contratos Emergenciais -, e a &nbsp;aba verde &#8211; Gr\u00e1ficos dos Empenhos e Pagamentos -, e informe-se sobre todos os tr\u00e2mites.<\/p>\n\n\n\n<p>\u00c9 importante ressaltar que compras diretas, ou seja,sem licita\u00e7\u00e3o, est\u00e3o autorizadas pela Lei Federal n\u00b0 13.979\/2020 \u2013 de enfrentamento \u00e0 Covid-19, somente para atender a situa\u00e7\u00e3o emergencial provocada pela pandemia.<\/p>\n\n\n\n<p>Legisla\u00e7\u00f5es federal e estadual referentes a este contexto est\u00e3o dispon\u00edveis para consulta no site da Controladoria-Geral do Estado (CGE-TO) pelo link&nbsp;<a href=\"http:\/\/ww.to.gov.br\/legislacao\/legislacao-aplicada-a-covid-19http:\/\/ww.to.gov.br\/legislacao\/legislacao-aplicada-a-covid-19\">http:\/\/ww.to.gov.br\/legislacao\/legislacao-aplicada-a-covid-19<\/a>.<\/p>\n","protected":false},"excerpt":{"rendered":"<p>O Governo do Tocantins, por meio do Instituto de Desenvolvimento Rural do Tocantins (Ruraltins) e da Secretaria do Trabalho e Desenvolvimento Social (Setas), inicia nesta quarta-feira, 28, a entrega de cestas b\u00e1sicas para cerca de 2 mil fam\u00edlias de assentamentos rurais e comunidades tradicionais quilombolas da regi\u00e3o de Porto Nacional e do munic\u00edpio de Palmas. [&hellip;]<\/p>\n","protected":false},"author":2,"featured_media":8329,"comment_status":"open","ping_status":"open","sticky":false,"template":"","format":"standard","meta":[],"categories":[3],"tags":[],"_links":{"self":[{"href":"https:\/\/dgospel.com.br\/portal\/index.php\/wp-json\/wp\/v2\/posts\/8327"}],"collection":[{"href":"https:\/\/dgospel.com.br\/portal\/index.php\/wp-json\/wp\/v2\/posts"}],"about":[{"href":"https:\/\/dgospel.com.br\/portal\/index.php\/wp-json\/wp\/v2\/types\/post"}],"author":[{"embeddable":true,"href":"https:\/\/dgospel.com.br\/portal\/index.php\/wp-json\/wp\/v2\/users\/2"}],"replies":[{"embeddable":true,"href":"https:\/\/dgospel.com.br\/portal\/index.php\/wp-json\/wp\/v2\/comments?post=8327"}],"version-history":[{"count":1,"href":"https:\/\/dgospel.com.br\/portal\/index.php\/wp-json\/wp\/v2\/posts\/8327\/revisions"}],"predecessor-version":[{"id":8330,"href":"https:\/\/dgospel.com.br\/portal\/index.php\/wp-json\/wp\/v2\/posts\/8327\/revisions\/8330"}],"wp:featuredmedia":[{"embeddable":true,"href":"https:\/\/dgospel.com.br\/portal\/index.php\/wp-json\/wp\/v2\/media\/8329"}],"wp:attachment":[{"href":"https:\/\/dgospel.com.br\/portal\/index.php\/wp-json\/wp\/v2\/media?parent=8327"}],"wp:term":[{"taxonomy":"category","embeddable":true,"href":"https:\/\/dgospel.com.br\/portal\/index.php\/wp-json\/wp\/v2\/categories?post=8327"},{"taxonomy":"post_tag","embeddable":true,"href":"https:\/\/dgospel.com.br\/portal\/index.php\/wp-json\/wp\/v2\/tags?post=8327"}],"curies":[{"name":"wp","href":"https:\/\/api.w.org\/{rel}","templated":true}]}}