{"id":8331,"date":"2021-04-28T12:04:49","date_gmt":"2021-04-28T15:04:49","guid":{"rendered":"http:\/\/dgospel.com.br\/portal\/?p=8331"},"modified":"2021-04-28T12:04:50","modified_gmt":"2021-04-28T15:04:50","slug":"tocantins-ultrapassa-10-da-populacao-vacinada-contra-a-covid-19","status":"publish","type":"post","link":"https:\/\/dgospel.com.br\/portal\/index.php\/2021\/04\/28\/tocantins-ultrapassa-10-da-populacao-vacinada-contra-a-covid-19\/","title":{"rendered":"Tocantins ultrapassa 10% da popula\u00e7\u00e3o vacinada contra a Covid-19"},"content":{"rendered":"\n<p>Com 352.850 doses de imunizantes contra a Covid-9 recebidas desde janeiro de 2021, o Estado do Tocantins alcan\u00e7ou 10,50% da popula\u00e7\u00e3o vacinada, nesta ter\u00e7a-feira, 27. At\u00e9 o momento, 316.294 doses j\u00e1 foram distribu\u00eddas aos 139 munic\u00edpios tocantinenses e dados do Centro de Informa\u00e7\u00f5es e Decis\u00f5es Estrat\u00e9gicas em Sa\u00fade (Integra Sa\u00fade)&nbsp;apontam que 165.168 pessoas receberam a 1\u00aa e 73.678 a 2\u00aa etapa da imuniza\u00e7\u00e3o, totalizando 238.846 doses aplicadas.<\/p>\n\n\n\n<p>Segundo o titular da Secretaria de Estado da Sa\u00fade (SES), Edgar Tollini, \u201c\u00e9 um n\u00famero significativo, levando em considera\u00e7\u00e3o o processo de distribui\u00e7\u00e3o dos imunizantes, por parte do Minist\u00e9rio da Sa\u00fade e as particularidades dos munic\u00edpios tocantinenses, no que tange \u00e0s log\u00edsticas e \u00e0s dificuldades apresentadas em algumas regi\u00f5es\u201d, acrescentando que, \u201c\u00e9 de suma import\u00e2ncia que a popula\u00e7\u00e3o que faz parte dos grupos priorit\u00e1rios&nbsp;procure as unidades de sa\u00fade de seus munic\u00edpios onde s\u00e3o aplicadas as vacinas, para ser imunizada\u201d.<\/p>\n\n\n\n<p>A gerente de Imuniza\u00e7\u00e3o da SES, Diandra Sena, destaca&nbsp;o trabalho realizado pela Gest\u00e3o Estadual no processo de vacina\u00e7\u00e3o. \u201cTemos realizado todo o trabalho de distribui\u00e7\u00e3o das vacinas recebidas, no menor tempo poss\u00edvel, para que o Estado tenha um \u00edndice cada dia maior da popula\u00e7\u00e3o imunizada contra a Covid-19\u201d, afirma.<\/p>\n\n\n\n<p>O processo de vacina\u00e7\u00e3o tem influenciado de forma direta nos \u00edndices de interna\u00e7\u00f5es e \u00f3bitos no Tocantins, principalmente no p\u00fablico acima de 80 anos, o qual conta com 44.184 pessoas imunizadas e registrou uma redu\u00e7\u00e3o de 52,5% na interna\u00e7\u00e3o em Unidades de Terapia Intensiva (UTIs), conforme j\u00e1 divulgada pela SES, no in\u00edcio deste m\u00eas.<\/p>\n\n\n\n<p><strong>Hospital Estadual de Combate \u00e0 Covid-19<\/strong><\/p>\n\n\n\n<p>Outro dado significante est\u00e1 correlato \u00e0s interna\u00e7\u00f5es. Nesta semana, a marca de mais de 1 mil pacientes acolhidos pelo Hospital Estadual de Combate \u00e0 Covid-19 (HECC) foi atingida. A unidade, que funciona desde agosto de 2021, j\u00e1 recebeu 1.003 pacientes, dos quais 710 receberam altas por melhora cl\u00ednica, 107 lamentavelmente foram a \u00f3bito e 186 seguem internados e\/ou foram transferidos para outras unidades hospitalares da rede do Sistema \u00danico de Sa\u00fade (SUS) no Estado. O HECC \u00e9 custeado pelo Governo do Tocantins e gerenciado pelo Instituto Sa\u00fade e Cidadania (Isac).<\/p>\n","protected":false},"excerpt":{"rendered":"<p>Com 352.850 doses de imunizantes contra a Covid-9 recebidas desde janeiro de 2021, o Estado do Tocantins alcan\u00e7ou 10,50% da popula\u00e7\u00e3o vacinada, nesta ter\u00e7a-feira, 27. At\u00e9 o momento, 316.294 doses j\u00e1 foram distribu\u00eddas aos 139 munic\u00edpios tocantinenses e dados do Centro de Informa\u00e7\u00f5es e Decis\u00f5es Estrat\u00e9gicas em Sa\u00fade (Integra Sa\u00fade)&nbsp;apontam que 165.168 pessoas receberam a [&hellip;]<\/p>\n","protected":false},"author":2,"featured_media":8332,"comment_status":"open","ping_status":"open","sticky":false,"template":"","format":"standard","meta":[],"categories":[3],"tags":[13],"_links":{"self":[{"href":"https:\/\/dgospel.com.br\/portal\/index.php\/wp-json\/wp\/v2\/posts\/8331"}],"collection":[{"href":"https:\/\/dgospel.com.br\/portal\/index.php\/wp-json\/wp\/v2\/posts"}],"about":[{"href":"https:\/\/dgospel.com.br\/portal\/index.php\/wp-json\/wp\/v2\/types\/post"}],"author":[{"embeddable":true,"href":"https:\/\/dgospel.com.br\/portal\/index.php\/wp-json\/wp\/v2\/users\/2"}],"replies":[{"embeddable":true,"href":"https:\/\/dgospel.com.br\/portal\/index.php\/wp-json\/wp\/v2\/comments?post=8331"}],"version-history":[{"count":1,"href":"https:\/\/dgospel.com.br\/portal\/index.php\/wp-json\/wp\/v2\/posts\/8331\/revisions"}],"predecessor-version":[{"id":8333,"href":"https:\/\/dgospel.com.br\/portal\/index.php\/wp-json\/wp\/v2\/posts\/8331\/revisions\/8333"}],"wp:featuredmedia":[{"embeddable":true,"href":"https:\/\/dgospel.com.br\/portal\/index.php\/wp-json\/wp\/v2\/media\/8332"}],"wp:attachment":[{"href":"https:\/\/dgospel.com.br\/portal\/index.php\/wp-json\/wp\/v2\/media?parent=8331"}],"wp:term":[{"taxonomy":"category","embeddable":true,"href":"https:\/\/dgospel.com.br\/portal\/index.php\/wp-json\/wp\/v2\/categories?post=8331"},{"taxonomy":"post_tag","embeddable":true,"href":"https:\/\/dgospel.com.br\/portal\/index.php\/wp-json\/wp\/v2\/tags?post=8331"}],"curies":[{"name":"wp","href":"https:\/\/api.w.org\/{rel}","templated":true}]}}