{"id":8337,"date":"2021-04-28T12:26:29","date_gmt":"2021-04-28T15:26:29","guid":{"rendered":"http:\/\/dgospel.com.br\/portal\/?p=8337"},"modified":"2021-04-28T12:26:30","modified_gmt":"2021-04-28T15:26:30","slug":"nani-azevedo-testemunha-cura-da-covid-19-em-nova-cancao","status":"publish","type":"post","link":"https:\/\/dgospel.com.br\/portal\/index.php\/2021\/04\/28\/nani-azevedo-testemunha-cura-da-covid-19-em-nova-cancao\/","title":{"rendered":"Nani Azevedo testemunha cura da Covid-19 em nova can\u00e7\u00e3o"},"content":{"rendered":"\n<p> Curado da Covid-19, o cantor Nani Azevedo testemunha todo o processo de recupera\u00e7\u00e3o da doen\u00e7a com m\u00fasica nova. Em dezembro de 2020, ele foi internado por causa do coronav\u00edrus e chegou a ser liberado no dia 31. Entretanto, uma inflama\u00e7\u00e3o no mioc\u00e1rdio, devido \u00e0s complica\u00e7\u00f5es da doen\u00e7a, obrigou o artista a voltar para o hospital no dia 7 de janeiro at\u00e9, finalmente, receber alta m\u00e9dica no dia 15 do mesmo m\u00eas. <\/p>\n\n\n\n<p> Como forma de compartilhar a experi\u00eancia de vivenciar o milagre de Deus em sua vida, Nani apresenta, nesta ter\u00e7a-feira (27), a can\u00e7\u00e3o autoral\u00a0<em>Prossiga<\/em>. <\/p>\n\n\n\n<p>\u2013 Cheguei em casa muito preocupado depois da segunda interna\u00e7\u00e3o no CTI e me sentia como se estivesse ferido por algo, com um desespero muito grande na alma. Depois de uma semana, eu peguei o viol\u00e3o e disse: \u201cEu vou prosseguir. Personagens b\u00edblicos passaram por coisas piores. Vou me levantar e n\u00e3o vou parar\u201d. A\u00ed comecei a escrever e a cantar essa linda can\u00e7\u00e3o.<\/p>\n\n\n\n<p>A produ\u00e7\u00e3o musical de&nbsp;<em>Prossiga<\/em>&nbsp;foi assinada pelo maestro Misa J\u00fanior, de Curitiba (PR). Em breve, a can\u00e7\u00e3o tamb\u00e9m vai ganhar uma vers\u00e3o em videoclipe.&nbsp;<em>Prossiga<\/em>&nbsp;\u00e9 o primeiro lan\u00e7amento de Nani Azevedo ap\u00f3s o EP&nbsp;<em>Pra Quem Tem F\u00e9<\/em>, que traz uma releitura do sucesso&nbsp;<em>Bendito Serei<\/em>.<\/p>\n\n\n\n<p>\u2013 Nesse tempo em que estamos vivendo, as pessoas precisam ouvir algo para incentiv\u00e1-las a n\u00e3o desistirem, se levantarem e prosseguirem. Ent\u00e3o, n\u00e3o pare, se levante!<\/p>\n\n\n\n<figure class=\"wp-block-embed-youtube wp-block-embed is-type-video is-provider-youtube wp-embed-aspect-16-9 wp-has-aspect-ratio\"><div class=\"wp-block-embed__wrapper\">\n<iframe loading=\"lazy\" title=\"Nani Azevedo - Prossiga (\u00c1udio)\" width=\"630\" height=\"354\" src=\"https:\/\/www.youtube.com\/embed\/HDoB1cdg-ZM?start=1&#038;feature=oembed\" frameborder=\"0\" allow=\"accelerometer; autoplay; clipboard-write; encrypted-media; gyroscope; picture-in-picture\" allowfullscreen><\/iframe>\n<\/div><\/figure>\n","protected":false},"excerpt":{"rendered":"<p>Curado da Covid-19, o cantor Nani Azevedo testemunha todo o processo de recupera\u00e7\u00e3o da doen\u00e7a com m\u00fasica nova. Em dezembro de 2020, ele foi internado por causa do coronav\u00edrus e chegou a ser liberado no dia 31. Entretanto, uma inflama\u00e7\u00e3o no mioc\u00e1rdio, devido \u00e0s complica\u00e7\u00f5es da doen\u00e7a, obrigou o artista a voltar para o hospital [&hellip;]<\/p>\n","protected":false},"author":2,"featured_media":8338,"comment_status":"open","ping_status":"open","sticky":false,"template":"","format":"standard","meta":[],"categories":[17,5],"tags":[],"_links":{"self":[{"href":"https:\/\/dgospel.com.br\/portal\/index.php\/wp-json\/wp\/v2\/posts\/8337"}],"collection":[{"href":"https:\/\/dgospel.com.br\/portal\/index.php\/wp-json\/wp\/v2\/posts"}],"about":[{"href":"https:\/\/dgospel.com.br\/portal\/index.php\/wp-json\/wp\/v2\/types\/post"}],"author":[{"embeddable":true,"href":"https:\/\/dgospel.com.br\/portal\/index.php\/wp-json\/wp\/v2\/users\/2"}],"replies":[{"embeddable":true,"href":"https:\/\/dgospel.com.br\/portal\/index.php\/wp-json\/wp\/v2\/comments?post=8337"}],"version-history":[{"count":1,"href":"https:\/\/dgospel.com.br\/portal\/index.php\/wp-json\/wp\/v2\/posts\/8337\/revisions"}],"predecessor-version":[{"id":8339,"href":"https:\/\/dgospel.com.br\/portal\/index.php\/wp-json\/wp\/v2\/posts\/8337\/revisions\/8339"}],"wp:featuredmedia":[{"embeddable":true,"href":"https:\/\/dgospel.com.br\/portal\/index.php\/wp-json\/wp\/v2\/media\/8338"}],"wp:attachment":[{"href":"https:\/\/dgospel.com.br\/portal\/index.php\/wp-json\/wp\/v2\/media?parent=8337"}],"wp:term":[{"taxonomy":"category","embeddable":true,"href":"https:\/\/dgospel.com.br\/portal\/index.php\/wp-json\/wp\/v2\/categories?post=8337"},{"taxonomy":"post_tag","embeddable":true,"href":"https:\/\/dgospel.com.br\/portal\/index.php\/wp-json\/wp\/v2\/tags?post=8337"}],"curies":[{"name":"wp","href":"https:\/\/api.w.org\/{rel}","templated":true}]}}