{"id":835,"date":"2018-07-25T11:49:42","date_gmt":"2018-07-25T14:49:42","guid":{"rendered":"http:\/\/dgospel.com.br\/portal\/?p=835"},"modified":"2018-07-25T11:49:42","modified_gmt":"2018-07-25T14:49:42","slug":"defesa-civil-alerta-sobre-os-cuidados-para-o-periodo-de-baixa-umidade-do-ar","status":"publish","type":"post","link":"https:\/\/dgospel.com.br\/portal\/index.php\/2018\/07\/25\/defesa-civil-alerta-sobre-os-cuidados-para-o-periodo-de-baixa-umidade-do-ar\/","title":{"rendered":"Defesa Civil alerta sobre os cuidados para o per\u00edodo de baixa umidade do ar"},"content":{"rendered":"<p class=\"yiv5236581983MsoNormal\">Os palmenses j\u00e1 est\u00e3o sentindo o ar mais seco com a chegada do per\u00edodo de estiagem no Tocantins. A Defesa Civil Municipal de Palmas alerta para baixa umidade do ar em toda cidade, com \u00edndices que podem chegar a 26%. De acordo com a Organiza\u00e7\u00e3o Mundial da Sa\u00fade (OMS), o \u00edndice ideal deve ser acima dos 60%.<\/p>\n<p class=\"yiv5236581983MsoNormal\">\n<p class=\"yiv5236581983MsoNormal\">O superintendente municipal de Defesa Civil, Bruno Maciel, alerta para a baixa umidade do ar em toda a cidade. Segundo ele o \u00edndice m\u00ednimo para hoje \u00e9 de 33% e o m\u00e1ximo deve chegar aos 54%.<b><\/b><\/p>\n<p class=\"yiv5236581983MsoNormal\">\n<p class=\"yiv5236581983MsoNormal\">A previs\u00e3o para Palmas, de acordo com o Instituto Nacional de Meteorologia (Inmet), para os pr\u00f3ximos dias \u00e9 de temperatura m\u00ednima oscilando entre 19\u00b0C a 38\u00ba C. A m\u00e1xima desta quarta-feira, 25, deve ficar em torno de 35\u00b0C na Capital. Durante a semana a previs\u00e3o \u00e9 de que o tempo continue com a temperatura alta mantendo os 38\u00baC no fim de semana.<\/p>\n<p class=\"yiv5236581983MsoNormal\">\n<p class=\"yiv5236581983MsoNormal\"><b>Confira algumas dicas e cuidados que a popula\u00e7\u00e3o deve manter neste tempo seco:<\/b><\/p>\n<p class=\"yiv5236581983MsoNormal\">\n<p class=\"yiv5236581983MsoNormal\">&#8211; N\u00e3o jogue pontas de cigarros pela janela do ve\u00edculo, nem fume em locais onde exista vegeta\u00e7\u00e3o densa;<\/p>\n<p class=\"yiv5236581983MsoNormal\">&#8211; N\u00e3o depositar nem queimar lixo em terrenos baldios;<\/p>\n<p class=\"yiv5236581983MsoNormal\">&#8211; Evite usar isqueiros e f\u00f3sforos, principalmente pr\u00f3ximos \u00e0 vegeta\u00e7\u00e3o;<\/p>\n<p class=\"yiv5236581983MsoNormal\">&#8211; N\u00e3o deixe garrafas ou peda\u00e7os de vidro pr\u00f3ximo \u00e0 vegeta\u00e7\u00e3o;<\/p>\n<p class=\"yiv5236581983MsoNormal\">&#8211; Em acampamentos, evite fazer fogueiras, mas se for realmente necess\u00e1rio, deixe sempre algu\u00e9m vigiando e apague totalmente antes de se afastar do local;<\/p>\n<p class=\"yiv5236581983MsoNormal\">&#8211; E n\u00e3o provoque inc\u00eandios sob nenhuma circunst\u00e2ncia;<\/p>\n<p class=\"yiv5236581983MsoNormal\">&#8211; Em caso de inc\u00eandio em mata ou floresta, avise imediatamente o Corpo de Bombeiros (193) ou Pol\u00edcia Militar (190).<\/p>\n","protected":false},"excerpt":{"rendered":"<p>Os palmenses j\u00e1 est\u00e3o sentindo o ar mais seco com a chegada do per\u00edodo de estiagem no Tocantins. A Defesa Civil Municipal de Palmas alerta para baixa umidade do ar em toda cidade, com \u00edndices que podem chegar a 26%. De acordo com a Organiza\u00e7\u00e3o Mundial da Sa\u00fade (OMS), o \u00edndice ideal deve ser acima [&hellip;]<\/p>\n","protected":false},"author":2,"featured_media":836,"comment_status":"open","ping_status":"open","sticky":false,"template":"","format":"standard","meta":[],"categories":[2,3],"tags":[],"_links":{"self":[{"href":"https:\/\/dgospel.com.br\/portal\/index.php\/wp-json\/wp\/v2\/posts\/835"}],"collection":[{"href":"https:\/\/dgospel.com.br\/portal\/index.php\/wp-json\/wp\/v2\/posts"}],"about":[{"href":"https:\/\/dgospel.com.br\/portal\/index.php\/wp-json\/wp\/v2\/types\/post"}],"author":[{"embeddable":true,"href":"https:\/\/dgospel.com.br\/portal\/index.php\/wp-json\/wp\/v2\/users\/2"}],"replies":[{"embeddable":true,"href":"https:\/\/dgospel.com.br\/portal\/index.php\/wp-json\/wp\/v2\/comments?post=835"}],"version-history":[{"count":1,"href":"https:\/\/dgospel.com.br\/portal\/index.php\/wp-json\/wp\/v2\/posts\/835\/revisions"}],"predecessor-version":[{"id":837,"href":"https:\/\/dgospel.com.br\/portal\/index.php\/wp-json\/wp\/v2\/posts\/835\/revisions\/837"}],"wp:featuredmedia":[{"embeddable":true,"href":"https:\/\/dgospel.com.br\/portal\/index.php\/wp-json\/wp\/v2\/media\/836"}],"wp:attachment":[{"href":"https:\/\/dgospel.com.br\/portal\/index.php\/wp-json\/wp\/v2\/media?parent=835"}],"wp:term":[{"taxonomy":"category","embeddable":true,"href":"https:\/\/dgospel.com.br\/portal\/index.php\/wp-json\/wp\/v2\/categories?post=835"},{"taxonomy":"post_tag","embeddable":true,"href":"https:\/\/dgospel.com.br\/portal\/index.php\/wp-json\/wp\/v2\/tags?post=835"}],"curies":[{"name":"wp","href":"https:\/\/api.w.org\/{rel}","templated":true}]}}