{"id":8352,"date":"2021-04-29T15:39:39","date_gmt":"2021-04-29T18:39:39","guid":{"rendered":"http:\/\/dgospel.com.br\/portal\/?p=8352"},"modified":"2021-04-29T15:39:40","modified_gmt":"2021-04-29T18:39:40","slug":"campanha-a-promessa-promovida-pela-cgadb-e-cpad-e-estendida-ate-dezembro","status":"publish","type":"post","link":"https:\/\/dgospel.com.br\/portal\/index.php\/2021\/04\/29\/campanha-a-promessa-promovida-pela-cgadb-e-cpad-e-estendida-ate-dezembro\/","title":{"rendered":"Campanha `A Promessa\u00b4 promovida pela CGADB e CPAD \u00e9 estendida at\u00e9 dezembro"},"content":{"rendered":"\n<p>Devido \u00e0\npandemia, a&nbsp;<a href=\"https:\/\/www.campanhaapromessa.com.br\/\" target=\"_blank\" rel=\"noreferrer noopener\">campanha \u201cA Promessa<\/a>\u201d,\npromovida pela<em>&nbsp;Conven\u00e7\u00e3o\nGeral de Ministros das Assembleias de Deus no Brasil (CGADB)&nbsp;<\/em>e\na&nbsp;<em>Casa Publicadora das\nAssembleias de Deus (CPAD)<\/em>, foi reformulada, estendendo-se agora\nat\u00e9 o m\u00eas de dezembro deste ano. O novo formato foi anunciado oficialmente\ndurante a primeira sess\u00e3o da 45\u00aa Assembleia Geral Ordin\u00e1ria da<em>&nbsp;CGADB<\/em>,\nrealizada de forma online no dia 20 de abril.<\/p>\n\n\n\n<p>As restri\u00e7\u00f5es impostas pelas autoridades\np\u00fablicas estaduais e municipais com o prop\u00f3sito de combate \u00e0 pandemia fizeram\ncom que grande parte das igrejas pelo pa\u00eds ficassem fechadas durante muito\ntempo, com cultos apenas online, de maneira que a campanha foi afetada. Mesmo\nassim, com todas as dificuldades, Deus honrou o trabalho evangel\u00edstico e a\nbusca pelo batismo no Esp\u00edrito por parte do Seu povo nesse per\u00edodo, de maneira\nque, de 1 de janeiro at\u00e9 26 de abril, foram contabilizados 9.791 vidas que\ndesceram \u00e0s \u00e1guas batismais e 7.923 batismos no Esp\u00edrito Santo. E os dados\nainda s\u00e3o parciais. Inclusive, alguns estados sequer mandaram seus dados ainda.<\/p>\n\n\n\n<p>A meta de 100 mil batismos no Esp\u00edrito Santo\ne 100 mil batismos em \u00e1guas foi mantida, sendo que agora estendida at\u00e9 12 de\ndezembro,&nbsp;<strong>conforme\na programa\u00e7\u00e3o abaixo:<\/strong><\/p>\n\n\n\n<p><strong>Julho \u2013<\/strong>&nbsp;Mobiliza\u00e7\u00f5es em todo o pa\u00eds envolvendo as crian\u00e7as de nossas\nigrejas.<\/p>\n\n\n\n<p><strong>Agosto \u2013<\/strong>&nbsp;Mobiliza\u00e7\u00e3o em todo o pa\u00eds envolvendo os adolescentes de nossas\nigrejas.<\/p>\n\n\n\n<p><strong>Setembro \u2013<\/strong>&nbsp;Mobiliza\u00e7\u00e3o em todo o pa\u00eds envolvendo os jovens de nossas igrejas.<\/p>\n\n\n\n<p><strong>Outubro \u2013<\/strong>&nbsp;Mobiliza\u00e7\u00e3o em todo o pa\u00eds envolvendo as irm\u00e3s, os C\u00edrculos de\nOra\u00e7\u00e3o e a Uni\u00e3o de Esposas de Ministros das Assembleias de Deus (Unemad).<\/p>\n\n\n\n<p><strong>Novembro \u2013<\/strong>&nbsp;Mobiliza\u00e7\u00e3o em todo o pa\u00eds envolvendo os homens e os obreiros.<\/p>\n\n\n\n<p><strong>10 de dezembro \u2013<\/strong>&nbsp;Vig\u00edlia pelo derramamento do Esp\u00edrito.<\/p>\n\n\n\n<p><strong>12 de dezembro (manh\u00e3) \u2013<\/strong>&nbsp;Grande batismo em \u00e1guas em todo o pa\u00eds.<\/p>\n\n\n\n<p><strong>12 de dezembro (noite) \u2013&nbsp;<\/strong>Encerramento da campanha \u201cA Promessa\u201d e das comemora\u00e7\u00f5es dos 110 anos\ndas Assembleias de Deus no Brasil.<\/p>\n","protected":false},"excerpt":{"rendered":"<p>Devido \u00e0 pandemia, a&nbsp;campanha \u201cA Promessa\u201d, promovida pela&nbsp;Conven\u00e7\u00e3o Geral de Ministros das Assembleias de Deus no Brasil (CGADB)&nbsp;e a&nbsp;Casa Publicadora das Assembleias de Deus (CPAD), foi reformulada, estendendo-se agora at\u00e9 o m\u00eas de dezembro deste ano. O novo formato foi anunciado oficialmente durante a primeira sess\u00e3o da 45\u00aa Assembleia Geral Ordin\u00e1ria da&nbsp;CGADB, realizada de forma [&hellip;]<\/p>\n","protected":false},"author":2,"featured_media":8353,"comment_status":"open","ping_status":"open","sticky":false,"template":"","format":"standard","meta":[],"categories":[5],"tags":[13,14],"_links":{"self":[{"href":"https:\/\/dgospel.com.br\/portal\/index.php\/wp-json\/wp\/v2\/posts\/8352"}],"collection":[{"href":"https:\/\/dgospel.com.br\/portal\/index.php\/wp-json\/wp\/v2\/posts"}],"about":[{"href":"https:\/\/dgospel.com.br\/portal\/index.php\/wp-json\/wp\/v2\/types\/post"}],"author":[{"embeddable":true,"href":"https:\/\/dgospel.com.br\/portal\/index.php\/wp-json\/wp\/v2\/users\/2"}],"replies":[{"embeddable":true,"href":"https:\/\/dgospel.com.br\/portal\/index.php\/wp-json\/wp\/v2\/comments?post=8352"}],"version-history":[{"count":1,"href":"https:\/\/dgospel.com.br\/portal\/index.php\/wp-json\/wp\/v2\/posts\/8352\/revisions"}],"predecessor-version":[{"id":8354,"href":"https:\/\/dgospel.com.br\/portal\/index.php\/wp-json\/wp\/v2\/posts\/8352\/revisions\/8354"}],"wp:featuredmedia":[{"embeddable":true,"href":"https:\/\/dgospel.com.br\/portal\/index.php\/wp-json\/wp\/v2\/media\/8353"}],"wp:attachment":[{"href":"https:\/\/dgospel.com.br\/portal\/index.php\/wp-json\/wp\/v2\/media?parent=8352"}],"wp:term":[{"taxonomy":"category","embeddable":true,"href":"https:\/\/dgospel.com.br\/portal\/index.php\/wp-json\/wp\/v2\/categories?post=8352"},{"taxonomy":"post_tag","embeddable":true,"href":"https:\/\/dgospel.com.br\/portal\/index.php\/wp-json\/wp\/v2\/tags?post=8352"}],"curies":[{"name":"wp","href":"https:\/\/api.w.org\/{rel}","templated":true}]}}