{"id":8358,"date":"2021-04-29T15:59:16","date_gmt":"2021-04-29T18:59:16","guid":{"rendered":"http:\/\/dgospel.com.br\/portal\/?p=8358"},"modified":"2021-04-29T15:59:17","modified_gmt":"2021-04-29T18:59:17","slug":"policia-civil-do-tocantins-desmonta-faccao-criminosa-que-agia-em-territorio-nacional","status":"publish","type":"post","link":"https:\/\/dgospel.com.br\/portal\/index.php\/2021\/04\/29\/policia-civil-do-tocantins-desmonta-faccao-criminosa-que-agia-em-territorio-nacional\/","title":{"rendered":"Pol\u00edcia Civil do Tocantins desmonta fac\u00e7\u00e3o criminosa que agia em territ\u00f3rio nacional"},"content":{"rendered":"\n<p>A&nbsp;opera\u00e7\u00e3o&nbsp;<em>N\u00eamesis<\/em>&nbsp;da Pol\u00edcia Civil do Tocantins, deflagrada na manh\u00e3 desta quinta-feira, 29, por meio da 6\u00aa Divis\u00e3o Especializada de Repress\u00e3o ao Crime Organizado (Deic \u2013 Para\u00edso do Tocantins), cumpriu 36 mandados de pris\u00e3o tempor\u00e1ria e 40 de busca e apreens\u00e3o em diversas cidades do interior do Tocantins e em quatro estados da federa\u00e7\u00e3o brasileira. A opera\u00e7\u00e3o inibe o trabalho de uma grande fac\u00e7\u00e3o criminosa que atuava em diferentes regi\u00f5es do pa\u00eds.<\/p>\n\n\n\n<p>Os mandados foram cumpridos em Palmas, Aragua\u00edna, Para\u00edso do Tocantins, Divin\u00f3polis, Pium, Cristal\u00e2ndia, Porto Nacional, Miranorte, Lagoa da Confus\u00e3o, Marian\u00f3polis e Tocantin\u00f3polis, como tamb\u00e9m em Jaragu\u00e1-GO, Campo Grande-MS, Barreiras-BA e Barueri-SP, e nas unidades prisionais de Palmas, Para\u00edso, Cristal\u00e2ndia, Tocantin\u00f3polis, Gurupi e Guara\u00ed.<\/p>\n\n\n\n<p>De acordo com o delegado-chefe da 6\u00aa Deic, Hismael Athos, durante as investiga\u00e7\u00f5es, foi identificado um forte esquema de tr\u00e1fico de entorpecentes, associa\u00e7\u00e3o para o tr\u00e1fico e posse de armas de fogo cometido&nbsp;pelos membros da organiza\u00e7\u00e3o criminosa. As investiga\u00e7\u00f5es apontaram ainda que os integrantes tinham obriga\u00e7\u00e3o de financiar a organiza\u00e7\u00e3o mensalmente com certa quantia em dinheiro que variava de acordo com o estado da federa\u00e7\u00e3o.<\/p>\n\n\n\n<p>As investiga\u00e7\u00f5es iniciaram no in\u00edcio de 2020 ap\u00f3s um ocorrido envolvendo uma autoridade policial do interior do Tocantins. \u00c0 \u00e9poca do fato, a autoridade policial deixou o carro em um estacionamento e quando retornou ao ve\u00edculo&nbsp;verificou que&nbsp;seu carro estava pichado&nbsp;com um s\u00edmbolo que identifica a referida fac\u00e7\u00e3o criminosa desarticulada nesta quinta-feira, 29. De acordo com o delegado, a inser\u00e7\u00e3o feita pela fac\u00e7\u00e3o criminosa demonstra total afronta ao Estado e uma forma de tentar frear os trabalhos realizados no combate ao crime organizado no Tocantins.<\/p>\n\n\n\n<p><strong>Organiza\u00e7\u00e3o<\/strong><\/p>\n\n\n\n<p>O delegado Hismael Athos informou que,&nbsp;ap\u00f3s o epis\u00f3dio de 2020, o trabalho de investiga\u00e7\u00e3o criminal foi iniciado, resultando na descoberta de um complexo sistema organizacional que julgava, punia e executava integrantes de fac\u00e7\u00f5es rivais como forma de seus membros ascenderem dentro da organiza\u00e7\u00e3o criminosa. A fac\u00e7\u00e3o tamb\u00e9m usava&nbsp;<em>modus operandi<\/em>&nbsp;para obter dom\u00ednio territorial das cidades do interior do Tocantins, formando um suposto poder paralelo, invis\u00edvel para a popula\u00e7\u00e3o, mas atuante em crimes como assaltos, homic\u00eddios e comercializa\u00e7\u00e3o de entorpecentes. \u201cA organiza\u00e7\u00e3o possui inclusive Estatuto pelo qual integrantes juram fidelidade e uma das cl\u00e1usulas \u00e9 a contribui\u00e7\u00e3o financeira dos que est\u00e3o em liberdade para com os que est\u00e3o presos. Dentre as exig\u00eancias, t\u00eam-se&nbsp;ainda ajuda aos familiares, a\u00e7\u00e3o de resgate e puni\u00e7\u00e3o&nbsp;com morte \u00e0quele que n\u00e3o contribuir com os demais\u201d, lembrou.<\/p>\n\n\n\n<p>As investiga\u00e7\u00f5es apontaram ainda que um adolescente de 16 anos teria sido executado na cidade de Cristal\u00e2ndia devido \u00e0 rivalidade entre as fac\u00e7\u00f5es. J\u00e1 um segundo jovem&nbsp;teria sido sequestrado e possivelmente seria executado, por\u00e9m, com o andamento das investiga\u00e7\u00f5es, a Pol\u00edcia conseguiu evitar o homic\u00eddio. \u201cO objetivo da fac\u00e7\u00e3o \u00e9 o total dom\u00ednio do territ\u00f3rio para ent\u00e3o realizar o com\u00e9rcio il\u00edcito de drogas, em contrapartida, n\u00e3o aceitam que outros infratores roubem moradores sob pena de serem julgados com advert\u00eancia e at\u00e9 mesmo a morte caso descumpram as regras criminosas\u201d, destacou&nbsp;o delegado.<\/p>\n\n\n\n<p>O delegado esclareceu ainda que os&nbsp;integrantes da fac\u00e7\u00e3o contam, inclusive, com interlocutores residentes em outros estados brasileiros. \u201cPor outro lado, para a consecu\u00e7\u00e3o de seus objetivos criminosos, seus integrantes encontram-se espalhados em S\u00e3o Paulo e outros estados da federa\u00e7\u00e3o, com ramifica\u00e7\u00e3o at\u00e9 em outros pa\u00edses, divididos em c\u00e9lulas aut\u00f4nomas de atua\u00e7\u00e3o, por meio das quais o tr\u00e1fico de drogas e de armas \u00e9 realizado\u201d, ressaltou.<\/p>\n\n\n\n<p><strong>Opera\u00e7\u00e3o<\/strong><\/p>\n\n\n\n<p>A opera\u00e7\u00e3o recebeu o nome em homenagem \u00e0 N\u00eamesis que, segundo a Mitologia Grega, \u00e9 considerada a deusa da vingan\u00e7a e da justi\u00e7a equitativa, causando terror e medo a seus oponentes, normalmente obtendo a vit\u00f3ria. As amea\u00e7as tamb\u00e9m se direcionaram \u00e0s for\u00e7as de seguran\u00e7a do Tocantins. Para isso, foi necess\u00e1ria uma a\u00e7\u00e3o reativa, com maior poder de for\u00e7a por parte do Estado.<\/p>\n\n\n\n<p>Mais de 100 policiais civis participam da opera\u00e7\u00e3o coordenada pela 6\u00aa Divis\u00e3o Especializada de Repress\u00e3o ao Crime Organizado (Deic \u2013 Para\u00edso do Tocantins), que conta com apoio de todas as Divis\u00f5es Especializadas de Repress\u00e3o ao Crime Organizado vinculadas \u00e0 Diretoria de Repress\u00e3o \u00e0 Corrup\u00e7\u00e3o e ao Crime Organizado (Dracco), do Grupo de Opera\u00e7\u00f5es T\u00e1ticas Especiais (Gote) e do Sistema Prisional da Secretaria de Cidadania e Justi\u00e7a do Tocantins (Seciju). Durante a opera\u00e7\u00e3o, a Pol\u00edcia Civil fez o uso de equipamentos de seguran\u00e7a em preven\u00e7\u00e3o \u00e0 Covid-19.<\/p>\n","protected":false},"excerpt":{"rendered":"<p>A&nbsp;opera\u00e7\u00e3o&nbsp;N\u00eamesis&nbsp;da Pol\u00edcia Civil do Tocantins, deflagrada na manh\u00e3 desta quinta-feira, 29, por meio da 6\u00aa Divis\u00e3o Especializada de Repress\u00e3o ao Crime Organizado (Deic \u2013 Para\u00edso do Tocantins), cumpriu 36 mandados de pris\u00e3o tempor\u00e1ria e 40 de busca e apreens\u00e3o em diversas cidades do interior do Tocantins e em quatro estados da federa\u00e7\u00e3o brasileira. A opera\u00e7\u00e3o [&hellip;]<\/p>\n","protected":false},"author":2,"featured_media":8359,"comment_status":"open","ping_status":"open","sticky":false,"template":"","format":"standard","meta":[],"categories":[3],"tags":[],"_links":{"self":[{"href":"https:\/\/dgospel.com.br\/portal\/index.php\/wp-json\/wp\/v2\/posts\/8358"}],"collection":[{"href":"https:\/\/dgospel.com.br\/portal\/index.php\/wp-json\/wp\/v2\/posts"}],"about":[{"href":"https:\/\/dgospel.com.br\/portal\/index.php\/wp-json\/wp\/v2\/types\/post"}],"author":[{"embeddable":true,"href":"https:\/\/dgospel.com.br\/portal\/index.php\/wp-json\/wp\/v2\/users\/2"}],"replies":[{"embeddable":true,"href":"https:\/\/dgospel.com.br\/portal\/index.php\/wp-json\/wp\/v2\/comments?post=8358"}],"version-history":[{"count":1,"href":"https:\/\/dgospel.com.br\/portal\/index.php\/wp-json\/wp\/v2\/posts\/8358\/revisions"}],"predecessor-version":[{"id":8360,"href":"https:\/\/dgospel.com.br\/portal\/index.php\/wp-json\/wp\/v2\/posts\/8358\/revisions\/8360"}],"wp:featuredmedia":[{"embeddable":true,"href":"https:\/\/dgospel.com.br\/portal\/index.php\/wp-json\/wp\/v2\/media\/8359"}],"wp:attachment":[{"href":"https:\/\/dgospel.com.br\/portal\/index.php\/wp-json\/wp\/v2\/media?parent=8358"}],"wp:term":[{"taxonomy":"category","embeddable":true,"href":"https:\/\/dgospel.com.br\/portal\/index.php\/wp-json\/wp\/v2\/categories?post=8358"},{"taxonomy":"post_tag","embeddable":true,"href":"https:\/\/dgospel.com.br\/portal\/index.php\/wp-json\/wp\/v2\/tags?post=8358"}],"curies":[{"name":"wp","href":"https:\/\/api.w.org\/{rel}","templated":true}]}}