{"id":8361,"date":"2021-04-29T16:02:08","date_gmt":"2021-04-29T19:02:08","guid":{"rendered":"http:\/\/dgospel.com.br\/portal\/?p=8361"},"modified":"2021-04-29T16:02:09","modified_gmt":"2021-04-29T19:02:09","slug":"nucleo-de-meteorologia-da-unitins-informa-inicio-da-transicao-do-periodo-chuvoso-para-a-estiagem-no-tocantins","status":"publish","type":"post","link":"https:\/\/dgospel.com.br\/portal\/index.php\/2021\/04\/29\/nucleo-de-meteorologia-da-unitins-informa-inicio-da-transicao-do-periodo-chuvoso-para-a-estiagem-no-tocantins\/","title":{"rendered":"N\u00facleo de Meteorologia da Unitins informa in\u00edcio da transi\u00e7\u00e3o do per\u00edodo chuvoso para a estiagem no Tocantins"},"content":{"rendered":"\n<p>O per\u00edodo chuvoso 2020\/21 no Tocantins se aproxima do fim, cedendo lugar \u00e0 estiagem e trazendo o per\u00edodo seco com temperaturas mais elevadas, t\u00e3o caracter\u00edsticas&nbsp;da nossa regi\u00e3o. Mas, isso n\u00e3o significa dizer que as chuvas cessar\u00e3o de imediato. A expectativa \u00e9 que a semana continue com muitas \u00e1reas de instabilidade.<\/p>\n\n\n\n<p>Estamos com um fen\u00f4meno meteorol\u00f3gico nas camadas mais altas da atmosfera favorecendo a entrada de umidade no Tocantins e, dessa forma, teremos mais chuvas nos pr\u00f3ximos dias. \u00c9 o que explica o coordenador do N\u00facleo Estadual de Meteorologia e Recursos H\u00eddricos (Nemet\/RH) da Universidade Estadual do Tocantins (Unitins), pesquisador Jos\u00e9 Luiz Cabral da Silva Junior.<\/p>\n\n\n\n<p>\u201cA tend\u00eancia \u00e9 que os pr\u00f3ximos dias fiquem com muita varia\u00e7\u00e3o da nebulosidade e pancadas de chuvas em algumas regi\u00f5es, principalmente na regi\u00e3o central,&nbsp;na parte mais oeste&nbsp;e na regi\u00e3o do Jalap\u00e3o. Tamb\u00e9m n\u00e3o est\u00e3o descartadas pancadas de chuvas nas regi\u00f5es sul e sudeste do Estado\u201d, explica.<\/p>\n\n\n\n<p>Segundo o meteorologista, esse \u00faltimo per\u00edodo chuvoso, 2020\/21,&nbsp;\u201cfoi muito complicado, muito irregular. Demorou-se para plantar e quando chegamos em meados de fevereiro choveu muito e houve preju\u00edzo em algumas lavouras de soja, principalmente no centro e no norte do Estado. Agora, estamos no per\u00edodo de transi\u00e7\u00e3o e fen\u00f4menos meteorol\u00f3gicos transit\u00f3rios e recorrentes, pois sempre voltam, est\u00e3o produzindo esse momento no apagar das luzes no nosso per\u00edodo chuvoso\u201d.&nbsp;<\/p>\n\n\n\n<p>Do ponto de vista hidrol\u00f3gico, a situa\u00e7\u00e3o&nbsp;n\u00e3o est\u00e1 favor\u00e1vel, avalia Jos\u00e9 Luiz Cabral. O sistema el\u00e9trico brasileiro continua sob tens\u00e3o e continua monitorando os grandes reservat\u00f3rios. O maior reservat\u00f3rio, localizado em&nbsp;Serra da Mesa, est\u00e1 com apenas 30% da sua capacidade. Sobre o assunto, o meteorologista&nbsp;afirma que \u201cfalta chuva na cabeceira&nbsp;da bacia hidrogr\u00e1fica Tocantins-Araguaia e isso pode comprometer todo o sistema el\u00e9trico. Ademais, o que podemos esperar para o per\u00edodo de estiagem \u00e9 o de sempre, muito calor com temperaturas em eleva\u00e7\u00e3o. Isso \u00e9 promovido pela sazonalidade&nbsp;e isso n\u00e3o muda, temos que conviver com esses dois extremos\u201d, alerta.<\/p>\n\n\n\n<p><strong>Alertas<\/strong>&nbsp;<strong>meteorol\u00f3gicos<\/strong>&nbsp;<\/p>\n\n\n\n<p>Apesar do comum compartilhamento dos&nbsp;alertas meteorol\u00f3gicos do Instituto Nacional de Meteorologia (Inmet), o professor Jos\u00e9 Luiz Cabral Junior afirma que n\u00e3o h\u00e1&nbsp;motivo para p\u00e2nico ou desespero, mas claro, \u00e9 necess\u00e1rio manter os cuidados b\u00e1sicos.<\/p>\n\n\n\n<p>&#8220;Sempre tem alertas no portal do Inmet pegando as regi\u00f5es ao Norte do pa\u00eds. E, pelas caracter\u00edsticas do Tocantins, \u00e9 muito comum que entremos numa situa\u00e7\u00e3o de alerta. Fatores geogr\u00e1ficos influenciam, como a proximidade com a linha do Equador, e as nuvens que predominam sobre o Tocantins, que s\u00e3o as&nbsp;cumulonimbus&nbsp;&#8211;&nbsp;aquelas com caracter\u00edsticas de tempestades, ventanias, rajadas de ventos e descargas el\u00e9tricas atmosf\u00e9ricas. No&nbsp;entanto, para o tocantinense raiz, isso \u00e9 recorrente e muito comum. De modo que, o simples fato de estarmos sempre com avisos meteorol\u00f3gicos, n\u00e3o remete, necessariamente, a perigo, e sim que podem ocorrer pancadas de chuvas de forte intensidade em um curto intervalo de tempo, como estamos acostumados a presenciar\u201d, pontuou Jos\u00e9 Luiz Cabral Junior, refor\u00e7ando que as pessoas devem se proteger sem entrar em p\u00e2nico.<\/p>\n","protected":false},"excerpt":{"rendered":"<p>O per\u00edodo chuvoso 2020\/21 no Tocantins se aproxima do fim, cedendo lugar \u00e0 estiagem e trazendo o per\u00edodo seco com temperaturas mais elevadas, t\u00e3o caracter\u00edsticas&nbsp;da nossa regi\u00e3o. Mas, isso n\u00e3o significa dizer que as chuvas cessar\u00e3o de imediato. A expectativa \u00e9 que a semana continue com muitas \u00e1reas de instabilidade. Estamos com um fen\u00f4meno meteorol\u00f3gico [&hellip;]<\/p>\n","protected":false},"author":2,"featured_media":8362,"comment_status":"open","ping_status":"open","sticky":false,"template":"","format":"standard","meta":[],"categories":[3],"tags":[],"_links":{"self":[{"href":"https:\/\/dgospel.com.br\/portal\/index.php\/wp-json\/wp\/v2\/posts\/8361"}],"collection":[{"href":"https:\/\/dgospel.com.br\/portal\/index.php\/wp-json\/wp\/v2\/posts"}],"about":[{"href":"https:\/\/dgospel.com.br\/portal\/index.php\/wp-json\/wp\/v2\/types\/post"}],"author":[{"embeddable":true,"href":"https:\/\/dgospel.com.br\/portal\/index.php\/wp-json\/wp\/v2\/users\/2"}],"replies":[{"embeddable":true,"href":"https:\/\/dgospel.com.br\/portal\/index.php\/wp-json\/wp\/v2\/comments?post=8361"}],"version-history":[{"count":1,"href":"https:\/\/dgospel.com.br\/portal\/index.php\/wp-json\/wp\/v2\/posts\/8361\/revisions"}],"predecessor-version":[{"id":8363,"href":"https:\/\/dgospel.com.br\/portal\/index.php\/wp-json\/wp\/v2\/posts\/8361\/revisions\/8363"}],"wp:featuredmedia":[{"embeddable":true,"href":"https:\/\/dgospel.com.br\/portal\/index.php\/wp-json\/wp\/v2\/media\/8362"}],"wp:attachment":[{"href":"https:\/\/dgospel.com.br\/portal\/index.php\/wp-json\/wp\/v2\/media?parent=8361"}],"wp:term":[{"taxonomy":"category","embeddable":true,"href":"https:\/\/dgospel.com.br\/portal\/index.php\/wp-json\/wp\/v2\/categories?post=8361"},{"taxonomy":"post_tag","embeddable":true,"href":"https:\/\/dgospel.com.br\/portal\/index.php\/wp-json\/wp\/v2\/tags?post=8361"}],"curies":[{"name":"wp","href":"https:\/\/api.w.org\/{rel}","templated":true}]}}