{"id":8364,"date":"2021-04-29T16:10:34","date_gmt":"2021-04-29T19:10:34","guid":{"rendered":"http:\/\/dgospel.com.br\/portal\/?p=8364"},"modified":"2021-04-29T16:10:36","modified_gmt":"2021-04-29T19:10:36","slug":"presos-fazem-curso-basico-em-teologia-no-interior-do-tocantins","status":"publish","type":"post","link":"https:\/\/dgospel.com.br\/portal\/index.php\/2021\/04\/29\/presos-fazem-curso-basico-em-teologia-no-interior-do-tocantins\/","title":{"rendered":"Presos fazem curso b\u00e1sico em Teologia no interior do Tocantins"},"content":{"rendered":"\n<p>Para proporcionar acesso \u00e0 educa\u00e7\u00e3o, conforme prev\u00ea a Lei de\nExecu\u00e7\u00e3o Penal, a gest\u00e3o da Unidade Penal de Palmeir\u00f3polis, administrada pela\nSecretaria de Estado da Cidadania e Justi\u00e7a (Seciju), est\u00e1 oferecendo um curso\nb\u00e1sico em Teologia para os presos, uma parceria feita com a Institui\u00e7\u00e3o\nSemin\u00e1rio de Teologia por Extens\u00e3o (Seifa).<\/p>\n\n\n\n<p>As\naulas iniciaram no final de mar\u00e7o, na modalidade de ensino a dist\u00e2ncia, com a\nfinalidade de transmitir valores b\u00edblicos e \u00e9tica crist\u00e3 que leva o cidad\u00e3o a\nbuscar ser um indiv\u00edduo do bem e querer bem aos outros.<\/p>\n\n\n\n<p>O curso\ntem dura\u00e7\u00e3o de 22 meses e conta com a participa\u00e7\u00e3o de cinco custodiados da\nunidade. \u201cAo final de cada m\u00f3dulo, tem uma avalia\u00e7\u00e3o e, para ser aprovado,\nprecisa ter m\u00e9dia m\u00ednima de sete pontos. Al\u00e9m disso, aqueles que conclu\u00edrem os\n22 m\u00f3dulos com aproveitamento m\u00ednimo receber\u00e3o certificados com 660 horas\u201d,\ndetalhou o chefe da unidade, Ronaldo Martins, que foi articulador da parceria\ncom a Seifa.<\/p>\n\n\n\n<p>Segundo\na gerente de Reintegra\u00e7\u00e3o Social, Trabalho e Renda ao Preso da Seciju, Renata\nKeli Marinho, proporcionar essa forma\u00e7\u00e3o aos custodiados \u00e9 uma maneira de\nincentiv\u00e1-los a buscar novos caminhos ao sa\u00edrem do Sistema Penal.<\/p>\n\n\n\n<p>\u201cCom\nesse curso b\u00e1sico de Teologia, esperamos que os custodiados reflitam sobre o\nvalor da vida, sejam multiplicadores dos conhecimentos adquiridos, sigam outros\ncaminhos longe da criminalidade, al\u00e9m de que possam abreviar o tempo imposto em\nsua senten\u00e7a penal, conforme Lei n\u00b0 12.433\/2011. \u00c9 uma orienta\u00e7\u00e3o do secret\u00e1rio\nHeber e do superintendente Orleanes a oferta de oportunidades profissionais e\ndesenvolvimento pessoal dentro das unidades penais do Estado, por meio do\nPrograma Novo Tempo\u201d, ressaltou.<\/p>\n\n\n\n<p>Para o\ncustodiado J.F.G., que est\u00e1 participando do curso, essa \u00e9 uma oportunidade de\naprofundar seus conhecimentos em teologia e tamb\u00e9m uma maneira de refor\u00e7ar sua\nf\u00e9. \u201cPara mim, esse curso \u00e9 muito importante j\u00e1 que sou evang\u00e9lico, pois lia\nmuito o Novo Testamento e, com o curso, estou me aprofundando tamb\u00e9m sobre o\nAntigo Testamento. Est\u00e1 sendo proveitoso, estou aprendendo diretamente da\npalavra b\u00edblica\u201d, destacou.<strong>Sobre\no curso<\/strong><\/p>\n\n\n\n<p>O curso\naborda os estudos b\u00edblicos de forma pr\u00e1tica e direcionada, fazendo um apanhado\ncompleto de v\u00e1rias \u00e1reas que proporcionar\u00e3o um melhor aprendizado, conhecimento\ne compreens\u00e3o da B\u00edblia.<\/p>\n\n\n\n<p>Para o diretor do curso, Olivar Bas\u00edlio, a forma\u00e7\u00e3o ministrada\ntamb\u00e9m vai cooperar com a ressocializa\u00e7\u00e3o dos custodiados. \u201cComo Semin\u00e1rio\nevang\u00e9lico que prima por valores morais para uma sociedade mais justa e sadia,\n\u00e9 de suma import\u00e2ncia cooperar com a ressocializa\u00e7\u00e3o do detento, pois \u00e9 preciso\ncome\u00e7ar a partir do momento em que o preso p\u00f4s o p\u00e9 ali na unidade, de forma\nque, quando ele sair, esteja pronto para se inserir no meio social novamente\u201d,\nexplicou.<\/p>\n","protected":false},"excerpt":{"rendered":"<p>Para proporcionar acesso \u00e0 educa\u00e7\u00e3o, conforme prev\u00ea a Lei de Execu\u00e7\u00e3o Penal, a gest\u00e3o da Unidade Penal de Palmeir\u00f3polis, administrada pela Secretaria de Estado da Cidadania e Justi\u00e7a (Seciju), est\u00e1 oferecendo um curso b\u00e1sico em Teologia para os presos, uma parceria feita com a Institui\u00e7\u00e3o Semin\u00e1rio de Teologia por Extens\u00e3o (Seifa). As aulas iniciaram no [&hellip;]<\/p>\n","protected":false},"author":2,"featured_media":8365,"comment_status":"open","ping_status":"open","sticky":false,"template":"","format":"standard","meta":[],"categories":[3],"tags":[13],"_links":{"self":[{"href":"https:\/\/dgospel.com.br\/portal\/index.php\/wp-json\/wp\/v2\/posts\/8364"}],"collection":[{"href":"https:\/\/dgospel.com.br\/portal\/index.php\/wp-json\/wp\/v2\/posts"}],"about":[{"href":"https:\/\/dgospel.com.br\/portal\/index.php\/wp-json\/wp\/v2\/types\/post"}],"author":[{"embeddable":true,"href":"https:\/\/dgospel.com.br\/portal\/index.php\/wp-json\/wp\/v2\/users\/2"}],"replies":[{"embeddable":true,"href":"https:\/\/dgospel.com.br\/portal\/index.php\/wp-json\/wp\/v2\/comments?post=8364"}],"version-history":[{"count":1,"href":"https:\/\/dgospel.com.br\/portal\/index.php\/wp-json\/wp\/v2\/posts\/8364\/revisions"}],"predecessor-version":[{"id":8366,"href":"https:\/\/dgospel.com.br\/portal\/index.php\/wp-json\/wp\/v2\/posts\/8364\/revisions\/8366"}],"wp:featuredmedia":[{"embeddable":true,"href":"https:\/\/dgospel.com.br\/portal\/index.php\/wp-json\/wp\/v2\/media\/8365"}],"wp:attachment":[{"href":"https:\/\/dgospel.com.br\/portal\/index.php\/wp-json\/wp\/v2\/media?parent=8364"}],"wp:term":[{"taxonomy":"category","embeddable":true,"href":"https:\/\/dgospel.com.br\/portal\/index.php\/wp-json\/wp\/v2\/categories?post=8364"},{"taxonomy":"post_tag","embeddable":true,"href":"https:\/\/dgospel.com.br\/portal\/index.php\/wp-json\/wp\/v2\/tags?post=8364"}],"curies":[{"name":"wp","href":"https:\/\/api.w.org\/{rel}","templated":true}]}}