{"id":8370,"date":"2021-04-29T17:38:45","date_gmt":"2021-04-29T20:38:45","guid":{"rendered":"http:\/\/dgospel.com.br\/portal\/?p=8370"},"modified":"2021-04-29T17:38:46","modified_gmt":"2021-04-29T20:38:46","slug":"dione-alexsandra-ferreira-e-quando-tudo-isso-passar","status":"publish","type":"post","link":"https:\/\/dgospel.com.br\/portal\/index.php\/2021\/04\/29\/dione-alexsandra-ferreira-e-quando-tudo-isso-passar\/","title":{"rendered":"Dione Alexsandra Ferreira: E quando tudo isso passar?"},"content":{"rendered":"\n<p>Estamos vivendo dias, meses e, agora,\nmais de um ano at\u00edpicos. Inicialmente, quero fazer uma reflex\u00e3o com voc\u00eas.\nTentem lembrar de 2019. Um ano normal no qual voc\u00ea trabalhava, estudava,\npasseava, viajava, sa\u00eda com amigos, abra\u00e7ava&#8230;<\/p>\n\n\n\n<p>Todas essas coisas faz\u00edamos\nnaturalmente, eu diria at\u00e9 no \u201cautom\u00e1tico\u201d. Era absolutamente comum\ndispensarmos convites para aquela confraterniza\u00e7\u00e3o ou aquela visita a um amigo\ns\u00f3 porque quer\u00edamos ficar em casa.<\/p>\n\n\n\n<p>H\u00e1 pouco mais de um ano, o que mais\nfazemos com consci\u00eancia e precau\u00e7\u00e3o \u00e9 ficar em casa. Estamos ficando em casa\npor cuidado, precau\u00e7\u00e3o e at\u00e9 por decreto.<\/p>\n\n\n\n<p>Sim, a nossa vida t\u00e1 diferente!<\/p>\n\n\n\n<p>Certamente, voc\u00ea j\u00e1 percebeu isso em\nmuitos momentos e sabe que precisamos nos adaptar a diversas mudan\u00e7as\nprovocadas pela pandemia que atingiu o mundo em 2020 mais precisamente.<\/p>\n\n\n\n<p>A grande pergunta que tenho feito a\nmim mesma \u00e9: E quando tudo isso passar?<\/p>\n\n\n\n<p>Porque tudo passa e isso tamb\u00e9m\npassar\u00e1!<\/p>\n\n\n\n<p>Quando essas in\u00fameras restri\u00e7\u00f5es\nterminarem, o que voc\u00ea quer fazer em primeiro lugar?<\/p>\n\n\n\n<p>O que voc\u00ea sonha em realizar?<\/p>\n\n\n\n<p>Como voc\u00ea est\u00e1 lidando com tudo o que\nsentido, visto e vivido?<\/p>\n\n\n\n<p>Reflita um pouco nas palavras que tem\nsa\u00eddo da sua boca nos dias atuais.<\/p>\n\n\n\n<p>Quais as \u00e1reas que voc\u00ea mudou?\nMelhorou? Cresceu? Sim, precisamos sair de tudo isso melhores.<\/p>\n\n\n\n<p>Ser uma pessoa melhor \u00e9 uma decis\u00e3o\nnossa.<\/p>\n\n\n\n<p>Eu n\u00e3o sei quanto a voc\u00eas, mas eu\ntenho valorizado coisas simples como um abra\u00e7o, por exemplo, at\u00e9 porque amo\nabra\u00e7ar as pessoas. O abra\u00e7o libera um horm\u00f4nio chamado oxitocina e ele nos faz\nbem.<\/p>\n\n\n\n<p>Em tempos de pandemia estamos hiper,\nultra, mega conectados virtualmente, mas ap\u00f3s essa doen\u00e7a, precisamos nos\nconectar mais pessoalmente.<\/p>\n\n\n\n<p>Essa semana eu me desafiei a cumprir\numa meta e consegui cumprir. Tomar um caf\u00e9 com amigas e fiz isso tr\u00eas vezes em\numa semana. Com os devidos cuidados, marcamos e fui na casa delas para esse\nencontro. Como me fez bem estar perto, mesmo n\u00e3o podendo abra\u00e7ar. O simples\nfato de sentar e ter um tempo de comunh\u00e3o, de uma boa conversa foi precioso.<\/p>\n\n\n\n<p>Consegui perceber como estamos t\u00e3o\nligados em n\u00f3s mesmos, nos nossos problemas e esquecendo do outro, do nosso\npr\u00f3ximo, irm\u00e3o, amigo, amiga que est\u00e1 lidando com desafios e problemas\ndiferentes dos nossos, mas n\u00e3o menos importantes.<\/p>\n\n\n\n<p>Eu percebo que j\u00e1 estou diferente de\num ano atr\u00e1s. Quando tudo isso passar, estarei ainda mais diferente, mais\natenta \u00e0queles que me rodeiam.<\/p>\n\n\n\n<p>Em minhas conversas com as amigas\ndescobri que tem pessoas sofrendo dores maiores que as minhas, descobri tamb\u00e9m\npessoas queridas que se foram pelo COVID-19 e eu nem estava sabendo&#8230; Acho que\nmuitos de n\u00f3s vamos ter informa\u00e7\u00f5es como essas e precisamos ajudar e fortalecer\noutras pessoas por tantas perdas.<\/p>\n\n\n\n<p>Sim, eu creio que vamos ter pessoas\nque n\u00e3o mudar\u00e3o em nada, mas outras, e essas nos animam, ser\u00e3o diferentes,\nser\u00e3o mais humanas, menos ego\u00edstas e mais atentas ao ser humano que as rodeiam.<\/p>\n\n\n\n<p>Quando tudo isso passar, desejo que\nvoc\u00ea respire fundo e seja grato a Deus por estar vivo. Se bem que voc\u00ea n\u00e3o\nprecisa esperar isso passar para agradecer por estar vivo, em paz e com sa\u00fade.<\/p>\n\n\n\n<p>Pare um pouco suas atividades, expire\ne inspire profundamente. Gra\u00e7as a Deus voc\u00ea est\u00e1 vivo e leu cada palavra\nescrita nesse texto.<\/p>\n\n\n\n<p>Se cuide!<\/p>\n\n\n\n<p>Por&nbsp;<strong>Dione Alexsandra Ferreira<\/strong>&nbsp;&#8211;\nPublicit\u00e1ria, p\u00f3s-graduada em Comunica\u00e7\u00e3o Digital; Professora do Centro de\nTreinamento B\u00edblico Rhema; autora dos livros &#8220;Supera\u00e7\u00e3o&#8221; e\n&#8220;Jornada para a Liberdade&#8221;, publicados pela Editora Reinar e\nintegrante do Departamento de Comunica\u00e7\u00e3o do Centro de Opera\u00e7\u00f5es do Minist\u00e9rio\nVerbo da Vida.<\/p>\n\n\n\n<p><em>* O conte\u00fado do texto acima \u00e9 uma\ncolabora\u00e7\u00e3o volunt\u00e1ria, de total responsabilidade do autor e n\u00e3o reflete\nnecessariamente a opini\u00e3o do Portal Di\u00e1rio Gospel.<\/em><\/p>\n","protected":false},"excerpt":{"rendered":"<p>Estamos vivendo dias, meses e, agora, mais de um ano at\u00edpicos. Inicialmente, quero fazer uma reflex\u00e3o com voc\u00eas. Tentem lembrar de 2019. Um ano normal no qual voc\u00ea trabalhava, estudava, passeava, viajava, sa\u00eda com amigos, abra\u00e7ava&#8230; Todas essas coisas faz\u00edamos naturalmente, eu diria at\u00e9 no \u201cautom\u00e1tico\u201d. Era absolutamente comum dispensarmos convites para aquela confraterniza\u00e7\u00e3o ou [&hellip;]<\/p>\n","protected":false},"author":2,"featured_media":8371,"comment_status":"open","ping_status":"open","sticky":false,"template":"","format":"standard","meta":[],"categories":[11],"tags":[],"_links":{"self":[{"href":"https:\/\/dgospel.com.br\/portal\/index.php\/wp-json\/wp\/v2\/posts\/8370"}],"collection":[{"href":"https:\/\/dgospel.com.br\/portal\/index.php\/wp-json\/wp\/v2\/posts"}],"about":[{"href":"https:\/\/dgospel.com.br\/portal\/index.php\/wp-json\/wp\/v2\/types\/post"}],"author":[{"embeddable":true,"href":"https:\/\/dgospel.com.br\/portal\/index.php\/wp-json\/wp\/v2\/users\/2"}],"replies":[{"embeddable":true,"href":"https:\/\/dgospel.com.br\/portal\/index.php\/wp-json\/wp\/v2\/comments?post=8370"}],"version-history":[{"count":1,"href":"https:\/\/dgospel.com.br\/portal\/index.php\/wp-json\/wp\/v2\/posts\/8370\/revisions"}],"predecessor-version":[{"id":8372,"href":"https:\/\/dgospel.com.br\/portal\/index.php\/wp-json\/wp\/v2\/posts\/8370\/revisions\/8372"}],"wp:featuredmedia":[{"embeddable":true,"href":"https:\/\/dgospel.com.br\/portal\/index.php\/wp-json\/wp\/v2\/media\/8371"}],"wp:attachment":[{"href":"https:\/\/dgospel.com.br\/portal\/index.php\/wp-json\/wp\/v2\/media?parent=8370"}],"wp:term":[{"taxonomy":"category","embeddable":true,"href":"https:\/\/dgospel.com.br\/portal\/index.php\/wp-json\/wp\/v2\/categories?post=8370"},{"taxonomy":"post_tag","embeddable":true,"href":"https:\/\/dgospel.com.br\/portal\/index.php\/wp-json\/wp\/v2\/tags?post=8370"}],"curies":[{"name":"wp","href":"https:\/\/api.w.org\/{rel}","templated":true}]}}