{"id":8379,"date":"2021-04-30T12:03:18","date_gmt":"2021-04-30T15:03:18","guid":{"rendered":"http:\/\/dgospel.com.br\/portal\/?p=8379"},"modified":"2021-04-30T12:03:20","modified_gmt":"2021-04-30T15:03:20","slug":"queiroga-diz-que-toda-populacao-estara-vacinada-ate-o-fim-do-ano","status":"publish","type":"post","link":"https:\/\/dgospel.com.br\/portal\/index.php\/2021\/04\/30\/queiroga-diz-que-toda-populacao-estara-vacinada-ate-o-fim-do-ano\/","title":{"rendered":"Queiroga diz que toda popula\u00e7\u00e3o estar\u00e1 vacinada at\u00e9 o fim do ano"},"content":{"rendered":"\n<p>\n\nO governo federal garantiu nesta sexta-feira (30) que toda a popula\u00e7\u00e3o brasileira estar\u00e1 totalmente imunizada contra a&nbsp;<a rel=\"noreferrer noopener\" href=\"https:\/\/pleno.news\/tag\/covid-19\" target=\"_blank\">Covid-19<\/a>&nbsp;at\u00e9 o final do ano, como resultado de uma campanha, que garantiu, avan\u00e7a bem e a um ritmo constante.\n\n<\/p>\n\n\n\n<figure class=\"wp-block-image\"><img src=\"https:\/\/static.cdn.pleno.news\/2021\/04\/Ministro-da-Sa%C3%BAde-Marcelo-Queiroga-criticou-a-imprensa.jpg\" alt=\"\" class=\"wp-image-708034\"\/><figcaption>Ministro da Sa\u00fade, Marcelo Queiroga, criticou a imprensa&nbsp;Foto: MS\/Ailton de Freitas<\/figcaption><\/figure>\n\n\n\n<p>\u2013 Nossa palavra em rela\u00e7\u00e3o \u00e0 imuniza\u00e7\u00e3o \u00e9 esperan\u00e7a. J\u00e1 temos doses suficientes para os pr\u00f3ximos meses e \u00e9 poss\u00edvel garantir que at\u00e9 o final de 2021 teremos toda a popula\u00e7\u00e3o totalmente vacinada \u2013 disse o ministro da Sa\u00fade, Marcelo Queiroga.<\/p>\n\n\n\n<p>Ele afirmou que at\u00e9 ao in\u00edcio desta semana foram inoculadas 16 milh\u00f5es de doses e lembrou que este n\u00famero \u00e9 superior ao da popula\u00e7\u00e3o total de muitos pa\u00edses.<\/p>\n\n\n\n<p>Em entrevista coletiva virtual organizada em Genebra pela Organiza\u00e7\u00e3o Mundial da Sa\u00fade (OMS), Queiroga disse ser iminente que o governo fechar\u00e1 um novo contrato com as farmac\u00eauticas Pfizer\/BioNTech para receber mais 100 milh\u00f5es de doses da vacina.<\/p>\n\n\n\n<p>O Brasil, que ontem ultrapassou a marca de 400 mil mortes por Covid-19, \u00e9 o segundo pa\u00eds com mais v\u00edtimas da doen\u00e7a, depois dos Estados Unidos, e o terceiro com mais casos \u2013 mais de 14,5 milh\u00f5es -, tamb\u00e9m atr\u00e1s dos EUA e da \u00cdndia, agora o principal foco global da pandemia.<\/p>\n\n\n\n<p>Al\u00e9m da vacina\u00e7\u00e3o, o ministro disse que o Brasil continua monitorando as variantes do v\u00edrus que existem ou que podem surgir.<\/p>\n\n\n\n<p>\u2013 Estamos investigando se as variantes s\u00e3o suscet\u00edveis \u00e0s vacinas \u2013 afirmou.<\/p>\n\n\n\n<p>Queiroga tamb\u00e9m lamentou as informa\u00e7\u00f5es recebidas pela popula\u00e7\u00e3o que acabam questionando a efic\u00e1cia ou seguran\u00e7a de certas vacinas, o que desestimula algumas pessoas de irem receber sua dose.<\/p>\n\n\n\n<p>O ministro da Sa\u00fade argumentou que tais atitudes n\u00e3o fazem sentido e, referindo-se \u00e0 vacina fabricada pela&nbsp;<a href=\"https:\/\/pleno.news\/tag\/astrazeneca\" target=\"_blank\" rel=\"noreferrer noopener\">AstraZeneca<\/a>, garantiu se tratar de um medicamento comprovadamente eficaz e seguro.<\/p>\n\n\n\n<p>*EFE<\/p>\n","protected":false},"excerpt":{"rendered":"<p>O governo federal garantiu nesta sexta-feira (30) que toda a popula\u00e7\u00e3o brasileira estar\u00e1 totalmente imunizada contra a&nbsp;Covid-19&nbsp;at\u00e9 o final do ano, como resultado de uma campanha, que garantiu, avan\u00e7a bem e a um ritmo constante. \u2013 Nossa palavra em rela\u00e7\u00e3o \u00e0 imuniza\u00e7\u00e3o \u00e9 esperan\u00e7a. J\u00e1 temos doses suficientes para os pr\u00f3ximos meses e \u00e9 poss\u00edvel [&hellip;]<\/p>\n","protected":false},"author":2,"featured_media":8380,"comment_status":"open","ping_status":"open","sticky":false,"template":"","format":"standard","meta":[],"categories":[4],"tags":[13,14],"_links":{"self":[{"href":"https:\/\/dgospel.com.br\/portal\/index.php\/wp-json\/wp\/v2\/posts\/8379"}],"collection":[{"href":"https:\/\/dgospel.com.br\/portal\/index.php\/wp-json\/wp\/v2\/posts"}],"about":[{"href":"https:\/\/dgospel.com.br\/portal\/index.php\/wp-json\/wp\/v2\/types\/post"}],"author":[{"embeddable":true,"href":"https:\/\/dgospel.com.br\/portal\/index.php\/wp-json\/wp\/v2\/users\/2"}],"replies":[{"embeddable":true,"href":"https:\/\/dgospel.com.br\/portal\/index.php\/wp-json\/wp\/v2\/comments?post=8379"}],"version-history":[{"count":1,"href":"https:\/\/dgospel.com.br\/portal\/index.php\/wp-json\/wp\/v2\/posts\/8379\/revisions"}],"predecessor-version":[{"id":8381,"href":"https:\/\/dgospel.com.br\/portal\/index.php\/wp-json\/wp\/v2\/posts\/8379\/revisions\/8381"}],"wp:featuredmedia":[{"embeddable":true,"href":"https:\/\/dgospel.com.br\/portal\/index.php\/wp-json\/wp\/v2\/media\/8380"}],"wp:attachment":[{"href":"https:\/\/dgospel.com.br\/portal\/index.php\/wp-json\/wp\/v2\/media?parent=8379"}],"wp:term":[{"taxonomy":"category","embeddable":true,"href":"https:\/\/dgospel.com.br\/portal\/index.php\/wp-json\/wp\/v2\/categories?post=8379"},{"taxonomy":"post_tag","embeddable":true,"href":"https:\/\/dgospel.com.br\/portal\/index.php\/wp-json\/wp\/v2\/tags?post=8379"}],"curies":[{"name":"wp","href":"https:\/\/api.w.org\/{rel}","templated":true}]}}