{"id":8382,"date":"2021-04-30T12:24:45","date_gmt":"2021-04-30T15:24:45","guid":{"rendered":"http:\/\/dgospel.com.br\/portal\/?p=8382"},"modified":"2021-04-30T12:24:46","modified_gmt":"2021-04-30T15:24:46","slug":"jair-bolsonaro-defende-o-voto-impresso-auditavel-no-brasil","status":"publish","type":"post","link":"https:\/\/dgospel.com.br\/portal\/index.php\/2021\/04\/30\/jair-bolsonaro-defende-o-voto-impresso-auditavel-no-brasil\/","title":{"rendered":"Jair Bolsonaro defende o voto impresso audit\u00e1vel no Brasil"},"content":{"rendered":"\n<p>Em transmiss\u00e3o ao vivo pelas redes sociais nesta quinta-feira (29), o presidente Jair Bolsonaro defendeu a ado\u00e7\u00e3o do voto impresso audit\u00e1vel no Brasil. Ele explicou a seus espectadores como funcionaria a medida e disse estar empenhado na aprova\u00e7\u00e3o da proposta.<\/p>\n\n\n\n<p> \u2013 Tem elei\u00e7\u00f5es no ano que vem. N\u00e3o estou falando que vou disputar ou n\u00e3o (\u2026) Estamos empenhados. Conversei com lideran\u00e7as na C\u00e2mara e no Senado para ver se aprovamos, at\u00e9 setembro, o voto audit\u00e1vel, por ocasi\u00e3o das elei\u00e7\u00f5es do ano que vem. O que \u00e9 o voto audit\u00e1vel? Voc\u00ea vota, o voto \u00e9 impresso num papel, voc\u00ea concorda, aperta o bot\u00e3o e aquele papel que n\u00e3o passa por sua m\u00e3o, caio dentro da urna \u2013 destacou. <\/p>\n\n\n\n<p>Ele ent\u00e3o disparou cr\u00edticas ao Tribunal Superior Eleitoral (TSE).<\/p>\n\n\n\n<p>\u2013 E outra coisa, que o TSE n\u00e3o faz. Acabou as elei\u00e7\u00f5es, o TSE tem que disponibilizar no site todas as se\u00e7\u00f5es do Brasil (\u2026) Eu quero entrar no site do TSE e quero saber se bate a fita do TSE com a fita de papel que foi fixada na parede. Isso j\u00e1 \u00e9 um avan\u00e7o no Brasil e n\u00e3o custa nada. E o TSE sonega informa\u00e7\u00e3o. N\u00e3o quero aqui culpar os ministros, mas o TSE sonega essa informa\u00e7\u00e3o (\u2026) Devemos ter a certeza se eu votar no Jo\u00e3o e o voto vai para o Jo\u00e3o \u2013 ressaltou.<\/p>\n\n\n\n<p>Por fim, Bolsonaro revelou que a C\u00e2mara deve come\u00e7ar a analisar em breve uma proposta que implementa o voto impresso no pa\u00eds.<\/p>\n\n\n\n<p>\u2013 Essa semana deve instalada uma comiss\u00e3o na C\u00e2mara para analisar o voto impresso. \u00c9 a PEC da deputada Bia Kicis (PSL-DF), presidente da Comiss\u00e3o de Justi\u00e7a (CCJ). E precisamos levar para o plen\u00e1rio. E espero que os plen\u00e1rios da C\u00e2mara e do Senado aprovem isso para a gente acabar com a d\u00favida se h\u00e1 fraude ou n\u00e3o por ocasi\u00e3o das elei\u00e7\u00f5es \u2013 apontou.<\/p>\n\n\n\n<figure class=\"wp-block-embed-youtube wp-block-embed is-type-video is-provider-youtube wp-embed-aspect-16-9 wp-has-aspect-ratio\"><div class=\"wp-block-embed__wrapper\">\n<iframe loading=\"lazy\" title=\"Live de Quinta-feira - 29\/04\/2021 - PR Jair Bolsonaro. Temas na descri\u00e7\u00e3o \u2b07\ufe0f\" width=\"630\" height=\"354\" src=\"https:\/\/www.youtube.com\/embed\/XpoEihRlh_Q?start=3550&#038;feature=oembed\" frameborder=\"0\" allow=\"accelerometer; autoplay; clipboard-write; encrypted-media; gyroscope; picture-in-picture\" allowfullscreen><\/iframe>\n<\/div><\/figure>\n\n\n\n<p><\/p>\n","protected":false},"excerpt":{"rendered":"<p>Em transmiss\u00e3o ao vivo pelas redes sociais nesta quinta-feira (29), o presidente Jair Bolsonaro defendeu a ado\u00e7\u00e3o do voto impresso audit\u00e1vel no Brasil. Ele explicou a seus espectadores como funcionaria a medida e disse estar empenhado na aprova\u00e7\u00e3o da proposta. \u2013 Tem elei\u00e7\u00f5es no ano que vem. N\u00e3o estou falando que vou disputar ou n\u00e3o [&hellip;]<\/p>\n","protected":false},"author":2,"featured_media":8383,"comment_status":"open","ping_status":"open","sticky":false,"template":"","format":"standard","meta":[],"categories":[4],"tags":[14],"_links":{"self":[{"href":"https:\/\/dgospel.com.br\/portal\/index.php\/wp-json\/wp\/v2\/posts\/8382"}],"collection":[{"href":"https:\/\/dgospel.com.br\/portal\/index.php\/wp-json\/wp\/v2\/posts"}],"about":[{"href":"https:\/\/dgospel.com.br\/portal\/index.php\/wp-json\/wp\/v2\/types\/post"}],"author":[{"embeddable":true,"href":"https:\/\/dgospel.com.br\/portal\/index.php\/wp-json\/wp\/v2\/users\/2"}],"replies":[{"embeddable":true,"href":"https:\/\/dgospel.com.br\/portal\/index.php\/wp-json\/wp\/v2\/comments?post=8382"}],"version-history":[{"count":1,"href":"https:\/\/dgospel.com.br\/portal\/index.php\/wp-json\/wp\/v2\/posts\/8382\/revisions"}],"predecessor-version":[{"id":8384,"href":"https:\/\/dgospel.com.br\/portal\/index.php\/wp-json\/wp\/v2\/posts\/8382\/revisions\/8384"}],"wp:featuredmedia":[{"embeddable":true,"href":"https:\/\/dgospel.com.br\/portal\/index.php\/wp-json\/wp\/v2\/media\/8383"}],"wp:attachment":[{"href":"https:\/\/dgospel.com.br\/portal\/index.php\/wp-json\/wp\/v2\/media?parent=8382"}],"wp:term":[{"taxonomy":"category","embeddable":true,"href":"https:\/\/dgospel.com.br\/portal\/index.php\/wp-json\/wp\/v2\/categories?post=8382"},{"taxonomy":"post_tag","embeddable":true,"href":"https:\/\/dgospel.com.br\/portal\/index.php\/wp-json\/wp\/v2\/tags?post=8382"}],"curies":[{"name":"wp","href":"https:\/\/api.w.org\/{rel}","templated":true}]}}