{"id":8389,"date":"2021-05-03T22:50:33","date_gmt":"2021-05-04T01:50:33","guid":{"rendered":"http:\/\/dgospel.com.br\/portal\/?p=8389"},"modified":"2021-05-03T22:50:34","modified_gmt":"2021-05-04T01:50:34","slug":"patricia-abravanel-leva-pastor-ao-sbt-para-orar-com-equipe","status":"publish","type":"post","link":"https:\/\/dgospel.com.br\/portal\/index.php\/2021\/05\/03\/patricia-abravanel-leva-pastor-ao-sbt-para-orar-com-equipe\/","title":{"rendered":"Patricia Abravanel leva pastor ao SBT para orar com equipe"},"content":{"rendered":"\n<p>Ap\u00f3s a transmiss\u00e3o do programa Vem Pra C\u00e1, na \u00faltima sexta-feira (30), Patricia Abravanel convidou integrantes da equipe para um momento de ora\u00e7\u00e3o. Um pequeno culto foi realizado na emissora por l\u00edderes de uma igreja que ela frequenta, em S\u00e3o Paulo.<\/p>\n\n\n\n<p>Um funcion\u00e1rio da emissora disse ao portal UOL que ningu\u00e9m foi obrigado a participar. Segundo ele, que n\u00e3o teve o nome divulgado, o objetivo de Patricia foi oferecer um momento de apoio, em fun\u00e7\u00e3o do momento dif\u00edcil que muitas pessoas est\u00e3o enfrentando.<\/p>\n\n\n\n<p>\n\nContra distor\u00e7\u00f5es a respeito do momento de ora\u00e7\u00e3o, o SBT negou que funcion\u00e1rios tenham sido dispensados por causa da reuni\u00e3o religiosa.\n\n<\/p>\n","protected":false},"excerpt":{"rendered":"<p>Ap\u00f3s a transmiss\u00e3o do programa Vem Pra C\u00e1, na \u00faltima sexta-feira (30), Patricia Abravanel convidou integrantes da equipe para um momento de ora\u00e7\u00e3o. Um pequeno culto foi realizado na emissora por l\u00edderes de uma igreja que ela frequenta, em S\u00e3o Paulo. Um funcion\u00e1rio da emissora disse ao portal UOL que ningu\u00e9m foi obrigado a participar. [&hellip;]<\/p>\n","protected":false},"author":2,"featured_media":8390,"comment_status":"open","ping_status":"open","sticky":false,"template":"","format":"standard","meta":[],"categories":[17],"tags":[],"_links":{"self":[{"href":"https:\/\/dgospel.com.br\/portal\/index.php\/wp-json\/wp\/v2\/posts\/8389"}],"collection":[{"href":"https:\/\/dgospel.com.br\/portal\/index.php\/wp-json\/wp\/v2\/posts"}],"about":[{"href":"https:\/\/dgospel.com.br\/portal\/index.php\/wp-json\/wp\/v2\/types\/post"}],"author":[{"embeddable":true,"href":"https:\/\/dgospel.com.br\/portal\/index.php\/wp-json\/wp\/v2\/users\/2"}],"replies":[{"embeddable":true,"href":"https:\/\/dgospel.com.br\/portal\/index.php\/wp-json\/wp\/v2\/comments?post=8389"}],"version-history":[{"count":1,"href":"https:\/\/dgospel.com.br\/portal\/index.php\/wp-json\/wp\/v2\/posts\/8389\/revisions"}],"predecessor-version":[{"id":8391,"href":"https:\/\/dgospel.com.br\/portal\/index.php\/wp-json\/wp\/v2\/posts\/8389\/revisions\/8391"}],"wp:featuredmedia":[{"embeddable":true,"href":"https:\/\/dgospel.com.br\/portal\/index.php\/wp-json\/wp\/v2\/media\/8390"}],"wp:attachment":[{"href":"https:\/\/dgospel.com.br\/portal\/index.php\/wp-json\/wp\/v2\/media?parent=8389"}],"wp:term":[{"taxonomy":"category","embeddable":true,"href":"https:\/\/dgospel.com.br\/portal\/index.php\/wp-json\/wp\/v2\/categories?post=8389"},{"taxonomy":"post_tag","embeddable":true,"href":"https:\/\/dgospel.com.br\/portal\/index.php\/wp-json\/wp\/v2\/tags?post=8389"}],"curies":[{"name":"wp","href":"https:\/\/api.w.org\/{rel}","templated":true}]}}