{"id":8395,"date":"2021-05-03T23:06:40","date_gmt":"2021-05-04T02:06:40","guid":{"rendered":"http:\/\/dgospel.com.br\/portal\/?p=8395"},"modified":"2021-05-03T23:06:41","modified_gmt":"2021-05-04T02:06:41","slug":"governo-do-tocantins-realiza-primeiro-acolhimento-on-line-e-marca-o-inicio-das-atividades-do-calendario-letivo-de-2021","status":"publish","type":"post","link":"https:\/\/dgospel.com.br\/portal\/index.php\/2021\/05\/03\/governo-do-tocantins-realiza-primeiro-acolhimento-on-line-e-marca-o-inicio-das-atividades-do-calendario-letivo-de-2021\/","title":{"rendered":"Governo do Tocantins realiza primeiro acolhimento on-line e marca o in\u00edcio das atividades do calend\u00e1rio letivo de 2021"},"content":{"rendered":"\n<p>Um momento de celebra\u00e7\u00e3o, integra\u00e7\u00e3o e renova\u00e7\u00e3o de esperan\u00e7as em dias melhores, esse foi o clima da live&nbsp;<em>Acolhimento: Volta \u00e0s aulas 2021<\/em>,&nbsp;realizada nesta segunda-feira, 3, pelo Governo do Tocantins, por meio da Secretaria de Estado da Educa\u00e7\u00e3o, Juventude e Esportes (Seduc), no seu canal no YouTube \u2013 TV Seduc Tocantins.&nbsp;O evento, realizado pela primeira vez em formato on-line,&nbsp;marcou o in\u00edcio das atividades do calend\u00e1rio letivo de 2021 e contou com a participa\u00e7\u00e3o dos estudantes das Diretorias Regionais de Educa\u00e7\u00e3o, Juventude e Esportes (DREs).&nbsp;<\/p>\n\n\n\n<p>A titular da Seduc, Adriana Aguiar, apontou que o acolhimento dos alunos \u00e9 uma pr\u00e1tica na abertura de todos os anos letivos e que, este ano, precisou ser ressignificado. \u201c\u00c9 muito lindo ver como todos est\u00e3o envolvidos, os servidores, os estudantes &#8211; que s\u00e3o a raz\u00e3o de tudo o que realizamos &#8211; , e os pais, que t\u00eam sido grandes parceiros da Educa\u00e7\u00e3o neste per\u00edodo em que as atividades est\u00e3o sendo realizadas de forma n\u00e3o presencial\u201d, frisou.&nbsp;<\/p>\n\n\n\n<p>Adriana Aguiar destacou que o retorno das aulas no formato n\u00e3o presencial visa garantir a seguran\u00e7a dos profissionais da Educa\u00e7\u00e3o e dos estudantes. \u201cN\u00f3s estamos acompanhando os indicadores da sa\u00fade e, assim que os dados cient\u00edficos nos derem seguran\u00e7a, o retorno das aulas presenciais ocorrer\u00e1. Neste momento, ainda n\u00e3o temos essa seguran\u00e7a, mas de todo o modo estamos aqui com a certeza de que teremos um ano incr\u00edvel\u201d.<\/p>\n\n\n\n<p>O&nbsp;<em>Acolhimento<\/em>:&nbsp;<em>Volta<\/em>&nbsp;<em>\u00e0s aulas 2021&nbsp;<\/em>reuniu alunos das 13 DREs, em apresenta\u00e7\u00f5es musicais, poesias, dan\u00e7a e momentos de intera\u00e7\u00e3o, em que os participantes destacaram a palavra que melhor descrevia o momento que estavam vivenciando. Durante a live, essas express\u00f5es foram apresentadas em um gr\u00e1fico em formato de nuvem, em que apareceram com maior evid\u00eancia as seguintes palavras ou express\u00f5es: esperan\u00e7a, dias melhores, paz e amor.&nbsp;<\/p>\n\n\n\n<p>Em uma verdadeira representa\u00e7\u00e3o do protagonismo dos alunos, para al\u00e9m das apresenta\u00e7\u00f5es culturais, os estudantes Roni J\u00fanior Borges, da DRE de Miracema; Suzana Gomes, da DRE de Tocantin\u00f3polis; e Tiffanny Ara\u00fajo, da DRE de Gurupi; participaram da condu\u00e7\u00e3o da live de acolhimento. \u201c\u00c9 uma grande honra participar de um momento como esse, de matar a sa\u00fade dos nossos jovens protagonistas, professores, diretores, coordenadores, da tia do lanche, da limpeza, de toda a equipe escolar\u201d, destacou Suzana Gomes.&nbsp;<\/p>\n\n\n\n<p>O acolhimento dos estudantes seguir\u00e1 ao longo da semana com a execu\u00e7\u00e3o das atividades previstas no&nbsp;<em>Portf\u00f3lio do Estudante<\/em>, documento elaborado pela Seduc, que visa trabalhar as habilidades socioemocionais e o autoconhecimento dos alunos, buscando a sustenta\u00e7\u00e3o para os quatro pilares da educa\u00e7\u00e3o: aprender a ser, conviver, conhecer e fazer. Dentre as atividades previstas est\u00e1 a elabora\u00e7\u00e3o de uma carta para o&nbsp;<em>eu<\/em>&nbsp;<em>do<\/em>&nbsp;<em>futuro<\/em>, que ser\u00e1 depositada em uma c\u00e1psula do tempo, na unidade de ensino. &nbsp;<\/p>\n\n\n\n<p>Os estudantes tamb\u00e9m foram acolhidos com um v\u00eddeo de boas-vindas, elaborado com a participa\u00e7\u00e3o de servidores de v\u00e1rias \u00e1reas de atua\u00e7\u00e3o dentro das unidades de ensino. M\u00e3e de um aluno da rede estadual de ensino, Regina Fernandes destacou a import\u00e2ncia da corresponsabilidade dos pais. &#8220;As a\u00e7\u00f5es da Seduc foram realmente positivas, com toda a equipe escolar preocupada com o desenvolvimento dos alunos e eu estou muito confiante no ano de 2021\u201d, pontuou.<\/p>\n","protected":false},"excerpt":{"rendered":"<p>Um momento de celebra\u00e7\u00e3o, integra\u00e7\u00e3o e renova\u00e7\u00e3o de esperan\u00e7as em dias melhores, esse foi o clima da live&nbsp;Acolhimento: Volta \u00e0s aulas 2021,&nbsp;realizada nesta segunda-feira, 3, pelo Governo do Tocantins, por meio da Secretaria de Estado da Educa\u00e7\u00e3o, Juventude e Esportes (Seduc), no seu canal no YouTube \u2013 TV Seduc Tocantins.&nbsp;O evento, realizado pela primeira vez [&hellip;]<\/p>\n","protected":false},"author":2,"featured_media":8396,"comment_status":"open","ping_status":"open","sticky":false,"template":"","format":"standard","meta":[],"categories":[3],"tags":[],"_links":{"self":[{"href":"https:\/\/dgospel.com.br\/portal\/index.php\/wp-json\/wp\/v2\/posts\/8395"}],"collection":[{"href":"https:\/\/dgospel.com.br\/portal\/index.php\/wp-json\/wp\/v2\/posts"}],"about":[{"href":"https:\/\/dgospel.com.br\/portal\/index.php\/wp-json\/wp\/v2\/types\/post"}],"author":[{"embeddable":true,"href":"https:\/\/dgospel.com.br\/portal\/index.php\/wp-json\/wp\/v2\/users\/2"}],"replies":[{"embeddable":true,"href":"https:\/\/dgospel.com.br\/portal\/index.php\/wp-json\/wp\/v2\/comments?post=8395"}],"version-history":[{"count":1,"href":"https:\/\/dgospel.com.br\/portal\/index.php\/wp-json\/wp\/v2\/posts\/8395\/revisions"}],"predecessor-version":[{"id":8397,"href":"https:\/\/dgospel.com.br\/portal\/index.php\/wp-json\/wp\/v2\/posts\/8395\/revisions\/8397"}],"wp:featuredmedia":[{"embeddable":true,"href":"https:\/\/dgospel.com.br\/portal\/index.php\/wp-json\/wp\/v2\/media\/8396"}],"wp:attachment":[{"href":"https:\/\/dgospel.com.br\/portal\/index.php\/wp-json\/wp\/v2\/media?parent=8395"}],"wp:term":[{"taxonomy":"category","embeddable":true,"href":"https:\/\/dgospel.com.br\/portal\/index.php\/wp-json\/wp\/v2\/categories?post=8395"},{"taxonomy":"post_tag","embeddable":true,"href":"https:\/\/dgospel.com.br\/portal\/index.php\/wp-json\/wp\/v2\/tags?post=8395"}],"curies":[{"name":"wp","href":"https:\/\/api.w.org\/{rel}","templated":true}]}}