{"id":8398,"date":"2021-05-04T11:04:56","date_gmt":"2021-05-04T14:04:56","guid":{"rendered":"http:\/\/dgospel.com.br\/portal\/?p=8398"},"modified":"2021-05-04T11:04:57","modified_gmt":"2021-05-04T14:04:57","slug":"pastor-e-indiciado-por-dizer-que-se-opoe-as-pautas-lgbt-e-progressistas-nas-eleicoes","status":"publish","type":"post","link":"https:\/\/dgospel.com.br\/portal\/index.php\/2021\/05\/04\/pastor-e-indiciado-por-dizer-que-se-opoe-as-pautas-lgbt-e-progressistas-nas-eleicoes\/","title":{"rendered":"Pastor \u00e9 indiciado por dizer que se op\u00f5e \u00e0s pautas LGBT e progressistas nas elei\u00e7\u00f5es"},"content":{"rendered":"\n<p>\n\nO pastor Guaracy J\u00fanior, presidente da Igreja do Evangelho Quadrangular no Amap\u00e1, foi indiciado pela Pol\u00edcia Civil pelo&nbsp;<a href=\"https:\/\/guiame.com.br\/gospel\/noticias\/maioria-do-stf-vota-para-igualar-homofobia-ao-crime-de-racismo.html\"><strong>crime de racismo<\/strong><\/a>&nbsp;qualificado contra o p\u00fablico LGBT+, por se opor \u00e0s pautas do grupo durante a campanha eleitoral.\n\n<\/p>\n\n\n\n<figure class=\"wp-block-image\"><img src=\"https:\/\/thumbor.guiame.com.br\/unsafe\/840x500\/top\/smart\/https:\/\/media.guiame.com.br\/archives\/2021\/05\/04\/2875463671-guaracy-junior.jpeg\" alt=\"Guaracy J\u00fanior \u00e9 presidente da Igreja do Evangelho Quadrangular no Amap\u00e1. (Foto: Reprodu\u00e7\u00e3o\/Facebook)\"\/><figcaption>Guaracy J\u00fanior \u00e9 presidente da Igreja do Evangelho Quadrangular no Amap\u00e1. (Foto: Reprodu\u00e7\u00e3o\/Facebook)<\/figcaption><\/figure>\n\n\n\n<p>Guaracy foi denunciado por declara\u00e7\u00f5es feitas durante uma live em 10 de dezembro, quando disse que n\u00e3o apoiava candidatos que defendem a&nbsp;<a href=\"https:\/\/guiame.com.br\/gospel\/noticias\/mpf-denuncia-ana-paula-valadao-por-discurso-de-odio-apos-fala-sobre-gays.html\"><strong>causa LGBT+<\/strong><\/a>&nbsp;e pautas progressistas.<\/p>\n\n\n\n<p>Em 2020, o pastor Guaracy concorreu \u00e0 prefeitura de Macap\u00e1 pelo PSL, mas ficou em 6\u00ba lugar na vota\u00e7\u00e3o do 1\u00ba turno. Na live, ele disse que n\u00e3o apoiaria nenhum dos candidatos que disputavam o 2\u00ba turno: Dr. Furlan (Cidadania) e Josiel (DEM).<\/p>\n\n\n\n<p>\u201cEntendo que quem apoia pautas esquerdistas, pautas LGBT, pautas progressistas, n\u00e3o merece o apoio do povo crist\u00e3o. [&#8230;] Hoje eu me deparei com essas posi\u00e7\u00f5es, comparei a posi\u00e7\u00e3o do candidato Josiel, que apoia as mesmas pautas, ent\u00e3o decido n\u00e3o apoiar nenhum candidato que possa envergonhar o povo do Amap\u00e1 com essas ideias e pautas progressistas. Digo, de maneira clara, n\u00e3o apoio nenhum tipo de discrimina\u00e7\u00e3o social ou sexual, por\u00e9m entendo que n\u00f3s n\u00e3o podemos estar ligados como crist\u00e3os a esse tipo de grupo\u201d, disse na \u00e9poca.<\/p>\n\n\n\n<p>Guaracy fez a live dentro de um hospital em S\u00e3o Paulo, onde esteve internado com sintomas graves da Covid-19 em 2020. O v\u00eddeo da transmiss\u00e3o permanece nas redes sociais do pastor.<\/p>\n\n\n\n<p>Durante a investiga\u00e7\u00e3o, o delegado Neuton J\u00fanior, da 5\u00aa Delegacia (5\u00aa DP) ouviu representantes do Conselho Estadual LGBT+ e concluiu que Guaracy promoveu um discurso \u201cpreconceituoso e discriminat\u00f3rio\u201d.<\/p>\n\n\n\n<p>\u201cUma vez que, com a inten\u00e7\u00e3o de agradar supostos eleitores defensores da pauta conservadora, passou a promover discurso preconceituoso e discriminat\u00f3rio, inclusive ligando a popula\u00e7\u00e3o LGBT+, sem provas e elementos para isso, com o envolvimento com a pedofilia, que, como se sabe, \u00e9 crime\u201d, justificou o delegado.<\/p>\n\n\n\n<p>Guaracy foi indiciado pelo crime de racismo qualificado na modalidade praticar, induzir ou incitar a discrimina\u00e7\u00e3o ou preconceito (LGBTfobia). O caso foi encaminhado ao Minist\u00e9rio P\u00fablico do Amap\u00e1 (MP-AP), ap\u00f3s a conclus\u00e3o do inqu\u00e9rito.\u00a0<\/p>\n\n\n\n<p><a href=\"https:\/\/www.facebook.com\/watch\/?v=384803265913200\">https:\/\/www.facebook.com\/watch\/?v=384803265913200<\/a><\/p>\n\n\n\n<p>\n\nFONTE: GUIAME, COM INFORMA\u00c7\u00d5ES DO G1\n\n<\/p>\n","protected":false},"excerpt":{"rendered":"<p>O pastor Guaracy J\u00fanior, presidente da Igreja do Evangelho Quadrangular no Amap\u00e1, foi indiciado pela Pol\u00edcia Civil pelo&nbsp;crime de racismo&nbsp;qualificado contra o p\u00fablico LGBT+, por se opor \u00e0s pautas do grupo durante a campanha eleitoral. Guaracy foi denunciado por declara\u00e7\u00f5es feitas durante uma live em 10 de dezembro, quando disse que n\u00e3o apoiava candidatos que [&hellip;]<\/p>\n","protected":false},"author":2,"featured_media":8399,"comment_status":"open","ping_status":"open","sticky":false,"template":"","format":"standard","meta":[],"categories":[5],"tags":[],"_links":{"self":[{"href":"https:\/\/dgospel.com.br\/portal\/index.php\/wp-json\/wp\/v2\/posts\/8398"}],"collection":[{"href":"https:\/\/dgospel.com.br\/portal\/index.php\/wp-json\/wp\/v2\/posts"}],"about":[{"href":"https:\/\/dgospel.com.br\/portal\/index.php\/wp-json\/wp\/v2\/types\/post"}],"author":[{"embeddable":true,"href":"https:\/\/dgospel.com.br\/portal\/index.php\/wp-json\/wp\/v2\/users\/2"}],"replies":[{"embeddable":true,"href":"https:\/\/dgospel.com.br\/portal\/index.php\/wp-json\/wp\/v2\/comments?post=8398"}],"version-history":[{"count":1,"href":"https:\/\/dgospel.com.br\/portal\/index.php\/wp-json\/wp\/v2\/posts\/8398\/revisions"}],"predecessor-version":[{"id":8400,"href":"https:\/\/dgospel.com.br\/portal\/index.php\/wp-json\/wp\/v2\/posts\/8398\/revisions\/8400"}],"wp:featuredmedia":[{"embeddable":true,"href":"https:\/\/dgospel.com.br\/portal\/index.php\/wp-json\/wp\/v2\/media\/8399"}],"wp:attachment":[{"href":"https:\/\/dgospel.com.br\/portal\/index.php\/wp-json\/wp\/v2\/media?parent=8398"}],"wp:term":[{"taxonomy":"category","embeddable":true,"href":"https:\/\/dgospel.com.br\/portal\/index.php\/wp-json\/wp\/v2\/categories?post=8398"},{"taxonomy":"post_tag","embeddable":true,"href":"https:\/\/dgospel.com.br\/portal\/index.php\/wp-json\/wp\/v2\/tags?post=8398"}],"curies":[{"name":"wp","href":"https:\/\/api.w.org\/{rel}","templated":true}]}}