{"id":841,"date":"2018-07-26T09:29:08","date_gmt":"2018-07-26T12:29:08","guid":{"rendered":"http:\/\/dgospel.com.br\/portal\/?p=841"},"modified":"2018-07-26T09:30:06","modified_gmt":"2018-07-26T12:30:06","slug":"pv-inicia-processo-de-apoio-a-pre-candidatura-de-marlon-reis-ao-governo-do-tocantins","status":"publish","type":"post","link":"https:\/\/dgospel.com.br\/portal\/index.php\/2018\/07\/26\/pv-inicia-processo-de-apoio-a-pre-candidatura-de-marlon-reis-ao-governo-do-tocantins\/","title":{"rendered":"PV inicia processo de apoio a pr\u00e9-candidatura de M\u00e1rlon Reis ao Governo do Tocantins"},"content":{"rendered":"<p>O Partido Verde (PV) do Tocantins anunciou por meio de carta nesta quarta-feira, 25, que foi dado in\u00edcio ao processo de alian\u00e7a para apoiar a pr\u00e9-candidatura de M\u00e1rlon Reis (Rede) ao governo do Estado, decis\u00e3o que julga ser \u201cuma das mais acertadas\u201d. Segundo o documento, os pevistas Meire Carreira e Gustavo Gama v\u00e3o elaborar junto com os dirigentes do Rede Edmilson J\u00fanior e Rafila Castro os termos para a finaliza\u00e7\u00e3o do acordo pol\u00edtico.<\/p>\n<p>Na carta, o partido argumenta que o resultado da elei\u00e7\u00e3o suplementar de junho deu \u201cum recado\u201d. \u201cEntendemos que o Tocantins vive um ciclo de renova\u00e7\u00e3o pol\u00edtica que emergiu da vontade do povo. Mantendo seu papel de vanguarda no cen\u00e1rio pol\u00edtico do Tocantins, o PV decidiu contribuir, ajudando a escrever essa nova hist\u00f3ria pol\u00edtica que est\u00e1 surgindo no nosso Estado\u201d, anota.<\/p>\n<p>O pleito suplementar para o governo do Estado foi marcado pelo alto \u00edndice de absten\u00e7\u00e3o. 30,14% do eleitorado, ou 306 mil pessoas n\u00e3o compareceram \u00e0s urnas no primeiro turno. \u00a0Ainda foram computados 14.660 votos em branco [2,06% do total] e 121.877 votos nulos [17,13%]. No segundo turno as absten\u00e7\u00f5es chegaram a 355.032 eleitores [34,86% do total]. Os votos nulos e brancos tamb\u00e9m cresceram: 155.627 e 17.209, respectivamente.<\/p>\n<p>Apesar da rejei\u00e7\u00e3o ao cen\u00e1rio pol\u00edtico pelos eleitores, M\u00e1rlon Reis foi a surpresa da elei\u00e7\u00e3o suplementar. O advogado encerrou o primeiro turno do pleito com 56.952 votos, o equivalente 9,91% dos v\u00e1lidos; isto com uma candidatura de chapa pura e com menos de 10 segundos de programa eleitoral. O potencial foi observado pelo Partido Verde.<\/p>\n<p>Para al\u00e9m do potencial eleitoral, os pevistas argumentam que somente o postulante do Rede Sustentabilidade representa renova\u00e7\u00e3o pol\u00edtica. \u201cEssa decis\u00e3o [de apoio] nasce do entendimento claro do PV de que M\u00e1rlon Reis \u00e9 o \u00fanico entre os pr\u00e9-candidatos com capacidade profissional e \u00e9tica para recuperar nosso Estado e dar in\u00edcio a essa nova fase da hist\u00f3ria pol\u00edtico-administrativa do Tocantins\u201d, justificou a legenda na carta.<\/p>\n<p><strong>\u201cEqu\u00edvocos do passado\u201d<br \/>\n<\/strong>O Partido Verde ainda reserva parte da carta para reconhecer \u201cequ\u00edvocos do passado\u201d, citando apenas a inelegibilidade de Marcelo Lelis causada pelo o que chamou de \u201cerro na presta\u00e7\u00e3o de contas da campanha de 2012\u201d. O ex-deputado estadual e membro da executiva nacional pevista foi condenado pela Justi\u00e7a Eleitoral por abuso de poder econ\u00f4mico na elei\u00e7\u00e3o pela Prefeitura de Palmas.<\/p>\n<p>De acordo com a legenda, apesar da condena\u00e7\u00e3o, Marcelo Lelis decidiu \u201ccumprir integralmente a senten\u00e7a. \u201cPor entender que era essa a coisa certa a ser feita. O PV reconhece o fato e apresentou \u00e0 sociedade sua maior demonstra\u00e7\u00e3o de arrependimento, cumprindo a determina\u00e7\u00e3o da Justi\u00e7a sem questionar, nem tentar burlar o que o judici\u00e1rio decidiu\u201d, acrescentou ainda a carta do partido.<\/p>\n<p>\u201cDepois de curadas as feridas, o PV est\u00e1 pronto para reescrever sua trajet\u00f3ria e ajudar tamb\u00e9m a escrever uma nova p\u00e1gina da hist\u00f3ria do Tocantins\u201d, acrescenta ap\u00f3s narrar o epis\u00f3dio de Marcelo Lelis. \u201cVamos formar uma grande frente pelo bem do nosso Estado e dar in\u00edcio a uma nova hist\u00f3ria pol\u00edtico-administrativa no nosso amado Tocantins\u201d, encerra o partido.<\/p>\n<p><strong>Leia a \u00edntegra:<\/strong><\/p>\n<p><em>\u201cCARTA DO PV AO POVO DO TOCANTINS<\/em><\/p>\n<p><em>No momento em que se afunilam as articula\u00e7\u00f5es pol\u00edticas visando \u00e0 elei\u00e7\u00e3o de outubro, o Partido Verde vem falar a seus filiados, simpatizantes e a todo o povo tocantinense sobre um fato de enorme import\u00e2ncia que \u00e9 o futuro do nosso Estado.<\/em><\/p>\n<p><em>As urnas deram um recado na \u00faltima elei\u00e7\u00e3o e o PV, atento aos apelos populares, reuniu seus dirigentes e decidiu tomar um novo rumo. Entendemos que o Tocantins vive um ciclo de renova\u00e7\u00e3o pol\u00edtica que emergiu da vontade do povo. Mantendo seu papel de vanguarda no cen\u00e1rio pol\u00edtico do Tocantins, o PV decidiu contribuir, ajudando a escrever essa nova hist\u00f3ria pol\u00edtica que est\u00e1 surgindo no nosso Estado.<\/em><\/p>\n<p><em>Reconhecemos os equ\u00edvocos do passado. Um deles, a cassa\u00e7\u00e3o dos direitos pol\u00edticos de um de nossos maiores l\u00edderes partid\u00e1rios, o ex-deputado estadual hoje membro da executiva nacional do PV, Marcelo Lelis, que apesar de 25 anos de vida p\u00fablica n\u00e3o responde a nenhum processo, foi condenado a ficar 8 anos sem disputar uma elei\u00e7\u00e3o por um erro na presta\u00e7\u00e3o de contas da campanha de 2012. Uma decis\u00e3o que cabia recurso, mas que Marcelo Lelis decidiu cumprir integralmente, sem reclamar, por entender que era essa a coisa certa a ser feita. O PV reconhece o fato e apresentou \u00e0 sociedade sua maior demonstra\u00e7\u00e3o de arrependimento, cumprindo a determina\u00e7\u00e3o da Justi\u00e7a sem questionar, nem tentar burlar o que o judici\u00e1rio decidiu.<\/em><\/p>\n<p><em>Depois de curadas as feridas, o PV est\u00e1 pronto para reescrever sua trajet\u00f3ria e ajudar tamb\u00e9m a escrever uma nova p\u00e1gina da hist\u00f3ria do Tocantins. Por isso, sinaliza para uma nova dire\u00e7\u00e3o, que julga ser uma das mais acertadas j\u00e1 definidas pelo partido que \u00e9 dar in\u00edcio ao processo de alian\u00e7a para apoiar a pr\u00e9-candidatura a Governador do Tocantins de M\u00e1rlon Reis.<\/em><\/p>\n<p><em>Essa decis\u00e3o nasce do entendimento claro do PV de que M\u00e1rlon Reis \u00e9 o \u00fanico entre os pr\u00e9-candidatos com capacidade profissional e \u00e9tica para recuperar nosso Estado e dar in\u00edcio a essa nova fase da hist\u00f3ria pol\u00edtico-administrativa do Tocantins. Estamos convictos de nossa decis\u00e3o. Por isso, destacamos nossos dirigentes Meire Carreira e Gustavo Gama para junto com os dirigentes da Rede, Edmilson J\u00fanior e Rafila Castro, elaborarem os termos para a finaliza\u00e7\u00e3o desse acordo pol\u00edtico pelo bem do nosso Estado.<\/em><\/p>\n<p><em>Essa formalidade \u00e9 uma demonstra\u00e7\u00e3o desse novo momento, em que as propostas program\u00e1ticas para o futuro do Tocantins s\u00e3o o ponto de converg\u00eancia, sobrepondo-se de grande maneira aos interesses pessoais. \u00c9 dessa forma que vamos formar uma grande frente pelo bem do nosso Estado e dar in\u00edcio a uma nova hist\u00f3ria pol\u00edtico-administrativa no nosso amado Tocantins.<\/em><\/p>\n<p><em>DIRE\u00c7\u00c3O DO PARTIDO VERDE DO TOCANTINS\u201d<\/em><\/p>\n<p>&nbsp;<\/p>\n<p>Fonte:\u00a0clebertoledo<\/p>\n<p>&nbsp;<\/p>\n","protected":false},"excerpt":{"rendered":"<p>O Partido Verde (PV) do Tocantins anunciou por meio de carta nesta quarta-feira, 25, que foi dado in\u00edcio ao processo de alian\u00e7a para apoiar a pr\u00e9-candidatura de M\u00e1rlon Reis (Rede) ao governo do Estado, decis\u00e3o que julga ser \u201cuma das mais acertadas\u201d. Segundo o documento, os pevistas Meire Carreira e Gustavo Gama v\u00e3o elaborar junto [&hellip;]<\/p>\n","protected":false},"author":2,"featured_media":842,"comment_status":"open","ping_status":"open","sticky":false,"template":"","format":"standard","meta":[],"categories":[2,4],"tags":[],"_links":{"self":[{"href":"https:\/\/dgospel.com.br\/portal\/index.php\/wp-json\/wp\/v2\/posts\/841"}],"collection":[{"href":"https:\/\/dgospel.com.br\/portal\/index.php\/wp-json\/wp\/v2\/posts"}],"about":[{"href":"https:\/\/dgospel.com.br\/portal\/index.php\/wp-json\/wp\/v2\/types\/post"}],"author":[{"embeddable":true,"href":"https:\/\/dgospel.com.br\/portal\/index.php\/wp-json\/wp\/v2\/users\/2"}],"replies":[{"embeddable":true,"href":"https:\/\/dgospel.com.br\/portal\/index.php\/wp-json\/wp\/v2\/comments?post=841"}],"version-history":[{"count":2,"href":"https:\/\/dgospel.com.br\/portal\/index.php\/wp-json\/wp\/v2\/posts\/841\/revisions"}],"predecessor-version":[{"id":844,"href":"https:\/\/dgospel.com.br\/portal\/index.php\/wp-json\/wp\/v2\/posts\/841\/revisions\/844"}],"wp:featuredmedia":[{"embeddable":true,"href":"https:\/\/dgospel.com.br\/portal\/index.php\/wp-json\/wp\/v2\/media\/842"}],"wp:attachment":[{"href":"https:\/\/dgospel.com.br\/portal\/index.php\/wp-json\/wp\/v2\/media?parent=841"}],"wp:term":[{"taxonomy":"category","embeddable":true,"href":"https:\/\/dgospel.com.br\/portal\/index.php\/wp-json\/wp\/v2\/categories?post=841"},{"taxonomy":"post_tag","embeddable":true,"href":"https:\/\/dgospel.com.br\/portal\/index.php\/wp-json\/wp\/v2\/tags?post=841"}],"curies":[{"name":"wp","href":"https:\/\/api.w.org\/{rel}","templated":true}]}}