{"id":8418,"date":"2021-05-07T12:44:05","date_gmt":"2021-05-07T15:44:05","guid":{"rendered":"http:\/\/dgospel.com.br\/portal\/?p=8418"},"modified":"2021-05-08T15:23:40","modified_gmt":"2021-05-08T18:23:40","slug":"pastor-marcos-bogeia-assumira-a-presidencia-da-assembleia-de-deus-ciadseta-em-goiatins","status":"publish","type":"post","link":"https:\/\/dgospel.com.br\/portal\/index.php\/2021\/05\/07\/pastor-marcos-bogeia-assumira-a-presidencia-da-assembleia-de-deus-ciadseta-em-goiatins\/","title":{"rendered":"Pastor Marcos Bogeia assumir\u00e1 a presid\u00eancia da Assembleia de Deus CIADSETA em Goiatins"},"content":{"rendered":"\n<p>Designado pela Conven\u00e7\u00e3o, o pastor Marcos Bogeia assumir\u00e1 a presid\u00eancia da Igreja Assembleia de Deus CIADSETA em Goiatins, igreja que era liderada pelo pastor Jo\u00e3o Batista, que faleceu v\u00edtima da Covid 19. O culto de posse est\u00e1 marcado para s\u00e1bado, dia 15 de maio, \u00e0s 19:30. \u00a0<\/p>\n\n\n\n<p><\/p>\n\n\n\n<figure class=\"wp-block-image\"><img loading=\"lazy\" width=\"726\" height=\"1024\" src=\"http:\/\/dgospel.com.br\/portal\/wp-content\/uploads\/2021\/05\/000000-2-726x1024.jpg\" alt=\"\" class=\"wp-image-8420\" srcset=\"https:\/\/dgospel.com.br\/portal\/wp-content\/uploads\/2021\/05\/000000-2-726x1024.jpg 726w, https:\/\/dgospel.com.br\/portal\/wp-content\/uploads\/2021\/05\/000000-2-213x300.jpg 213w, https:\/\/dgospel.com.br\/portal\/wp-content\/uploads\/2021\/05\/000000-2-768x1084.jpg 768w, https:\/\/dgospel.com.br\/portal\/wp-content\/uploads\/2021\/05\/000000-2.jpg 907w\" sizes=\"(max-width: 726px) 100vw, 726px\" \/><\/figure>\n\n\n\n<p>O jovem pastor Marcos Bogeia que atualmente preside a Igreja Assembleia de Deus CIADSETA em Aparecida do Rio Negro, \u00e9 segundo Secret\u00e1rio e, presidente do Conselho de Capel\u00e2nia da CIADSETA e, membro do Conselho nacional de Capel\u00e2nia. Dedicado, din\u00e2mico e zeloso com a obra de Deus, pastor Bogeia tem se destacado como um l\u00edder amigo de todos convencionais. <\/p>\n\n\n\n<p>Pastor Marcos Bogeia vem realizando um grande trabalho em\nAparecida do Rio Negro, e agora tem o desafio de assumir um novo campo, e d\u00e1\ncontinuidade o belo trabalho que o pastor Jo\u00e3o Batista vinha realizando.<\/p>\n\n\n\n<p>O pastor Renan Alencar Rosal que dirige a congrega\u00e7\u00e3o Betel\ndo campo no Aureny IV, assumir\u00e1 a presid\u00eancia do campo em Aparecida do Rio\nNegro.<\/p>\n","protected":false},"excerpt":{"rendered":"<p>Designado pela Conven\u00e7\u00e3o, o pastor Marcos Bogeia assumir\u00e1 a presid\u00eancia da Igreja Assembleia de Deus CIADSETA em Goiatins, igreja que era liderada pelo pastor Jo\u00e3o Batista, que faleceu v\u00edtima da Covid 19. O culto de posse est\u00e1 marcado para s\u00e1bado, dia 15 de maio, \u00e0s 19:30. \u00a0 O jovem pastor Marcos Bogeia que atualmente preside [&hellip;]<\/p>\n","protected":false},"author":2,"featured_media":8419,"comment_status":"open","ping_status":"open","sticky":false,"template":"","format":"standard","meta":[],"categories":[5],"tags":[],"_links":{"self":[{"href":"https:\/\/dgospel.com.br\/portal\/index.php\/wp-json\/wp\/v2\/posts\/8418"}],"collection":[{"href":"https:\/\/dgospel.com.br\/portal\/index.php\/wp-json\/wp\/v2\/posts"}],"about":[{"href":"https:\/\/dgospel.com.br\/portal\/index.php\/wp-json\/wp\/v2\/types\/post"}],"author":[{"embeddable":true,"href":"https:\/\/dgospel.com.br\/portal\/index.php\/wp-json\/wp\/v2\/users\/2"}],"replies":[{"embeddable":true,"href":"https:\/\/dgospel.com.br\/portal\/index.php\/wp-json\/wp\/v2\/comments?post=8418"}],"version-history":[{"count":3,"href":"https:\/\/dgospel.com.br\/portal\/index.php\/wp-json\/wp\/v2\/posts\/8418\/revisions"}],"predecessor-version":[{"id":8429,"href":"https:\/\/dgospel.com.br\/portal\/index.php\/wp-json\/wp\/v2\/posts\/8418\/revisions\/8429"}],"wp:featuredmedia":[{"embeddable":true,"href":"https:\/\/dgospel.com.br\/portal\/index.php\/wp-json\/wp\/v2\/media\/8419"}],"wp:attachment":[{"href":"https:\/\/dgospel.com.br\/portal\/index.php\/wp-json\/wp\/v2\/media?parent=8418"}],"wp:term":[{"taxonomy":"category","embeddable":true,"href":"https:\/\/dgospel.com.br\/portal\/index.php\/wp-json\/wp\/v2\/categories?post=8418"},{"taxonomy":"post_tag","embeddable":true,"href":"https:\/\/dgospel.com.br\/portal\/index.php\/wp-json\/wp\/v2\/tags?post=8418"}],"curies":[{"name":"wp","href":"https:\/\/api.w.org\/{rel}","templated":true}]}}