{"id":8433,"date":"2021-05-10T09:52:39","date_gmt":"2021-05-10T12:52:39","guid":{"rendered":"http:\/\/dgospel.com.br\/portal\/?p=8433"},"modified":"2021-05-10T09:52:40","modified_gmt":"2021-05-10T12:52:40","slug":"tocantins-recebera-8-190-doses-de-vacina-da-pfizer","status":"publish","type":"post","link":"https:\/\/dgospel.com.br\/portal\/index.php\/2021\/05\/10\/tocantins-recebera-8-190-doses-de-vacina-da-pfizer\/","title":{"rendered":"Tocantins receber\u00e1 8.190 doses de vacina da Pfizer"},"content":{"rendered":"\n<p>O Tocantins receber\u00e1 na madrugada desta ter\u00e7a-feira, 11, em Palmas, 8.190 doses da vacina Pfizer. O p\u00fablico-alvo \u00e9 a popula\u00e7\u00e3o com comorbidades, as gestantes, pu\u00e9rperas e pessoas com defici\u00eancias permanentes.&nbsp;<\/p>\n\n\n\n<p>As vacinas recebidas ser\u00e3o encaminhadas a Ger\u00eancia Estadual de Imuniza\u00e7\u00e3o, na Capital,&nbsp;onde os lotes ser\u00e3o conferidos e separados. Devido a necessidade do imunizante permanecer em baixa temperatura, as doses ser\u00e3o destinadas apenas ao munic\u00edpio de Palmas.<\/p>\n\n\n\n<p>De acordo com a Superintendente de Vigil\u00e2ncia em Sa\u00fade, Perciliana Bezerra,&nbsp;\u201cas doses recebidas ser\u00e3o importantes para dar andamento ao Plano Nacional de Imuniza\u00e7\u00e3o, e avan\u00e7ar no combate a pandemia da Covid-19\u201d, afirma.<\/p>\n\n\n\n<p><strong>Vacina\u00e7\u00e3o<\/strong><\/p>\n\n\n\n<p>O Tocantins j\u00e1 imunizou, at\u00e9 o momento, 12,35% da popula\u00e7\u00e3o, que corresponde a 304.309 tocantinenses.<\/p>\n","protected":false},"excerpt":{"rendered":"<p>O Tocantins receber\u00e1 na madrugada desta ter\u00e7a-feira, 11, em Palmas, 8.190 doses da vacina Pfizer. O p\u00fablico-alvo \u00e9 a popula\u00e7\u00e3o com comorbidades, as gestantes, pu\u00e9rperas e pessoas com defici\u00eancias permanentes.&nbsp; As vacinas recebidas ser\u00e3o encaminhadas a Ger\u00eancia Estadual de Imuniza\u00e7\u00e3o, na Capital,&nbsp;onde os lotes ser\u00e3o conferidos e separados. Devido a necessidade do imunizante permanecer em [&hellip;]<\/p>\n","protected":false},"author":2,"featured_media":8434,"comment_status":"open","ping_status":"open","sticky":false,"template":"","format":"standard","meta":[],"categories":[3],"tags":[13],"_links":{"self":[{"href":"https:\/\/dgospel.com.br\/portal\/index.php\/wp-json\/wp\/v2\/posts\/8433"}],"collection":[{"href":"https:\/\/dgospel.com.br\/portal\/index.php\/wp-json\/wp\/v2\/posts"}],"about":[{"href":"https:\/\/dgospel.com.br\/portal\/index.php\/wp-json\/wp\/v2\/types\/post"}],"author":[{"embeddable":true,"href":"https:\/\/dgospel.com.br\/portal\/index.php\/wp-json\/wp\/v2\/users\/2"}],"replies":[{"embeddable":true,"href":"https:\/\/dgospel.com.br\/portal\/index.php\/wp-json\/wp\/v2\/comments?post=8433"}],"version-history":[{"count":1,"href":"https:\/\/dgospel.com.br\/portal\/index.php\/wp-json\/wp\/v2\/posts\/8433\/revisions"}],"predecessor-version":[{"id":8435,"href":"https:\/\/dgospel.com.br\/portal\/index.php\/wp-json\/wp\/v2\/posts\/8433\/revisions\/8435"}],"wp:featuredmedia":[{"embeddable":true,"href":"https:\/\/dgospel.com.br\/portal\/index.php\/wp-json\/wp\/v2\/media\/8434"}],"wp:attachment":[{"href":"https:\/\/dgospel.com.br\/portal\/index.php\/wp-json\/wp\/v2\/media?parent=8433"}],"wp:term":[{"taxonomy":"category","embeddable":true,"href":"https:\/\/dgospel.com.br\/portal\/index.php\/wp-json\/wp\/v2\/categories?post=8433"},{"taxonomy":"post_tag","embeddable":true,"href":"https:\/\/dgospel.com.br\/portal\/index.php\/wp-json\/wp\/v2\/tags?post=8433"}],"curies":[{"name":"wp","href":"https:\/\/api.w.org\/{rel}","templated":true}]}}