{"id":8436,"date":"2021-05-10T10:14:59","date_gmt":"2021-05-10T13:14:59","guid":{"rendered":"http:\/\/dgospel.com.br\/portal\/?p=8436"},"modified":"2021-05-10T10:15:01","modified_gmt":"2021-05-10T13:15:01","slug":"decreto-que-flexibiliza-horarios-do-comercio-comeca-a-valer-em-palmas","status":"publish","type":"post","link":"https:\/\/dgospel.com.br\/portal\/index.php\/2021\/05\/10\/decreto-que-flexibiliza-horarios-do-comercio-comeca-a-valer-em-palmas\/","title":{"rendered":"Decreto que flexibiliza hor\u00e1rios do com\u00e9rcio come\u00e7a a valer em Palmas"},"content":{"rendered":"\n<p>As regras do novo decreto municipal, que flexibiliza hor\u00e1rios de\nfuncionamento e o percentual de lota\u00e7\u00e3o do com\u00e9rcio, come\u00e7am a valer nesta\nsegunda-feira (10). As medidas foram anunciadas pela prefeitura na \u00faltima\nquarta-feira (5). A cidade est\u00e1 entrando na fase amarela de preven\u00e7\u00e3o ao\ncoronav\u00edrus.<\/p>\n\n\n\n<p>Mesmo com as altera\u00e7\u00f5es, as aulas presenciais continuar\u00e3o proibidas na\ncidade. H\u00e1 previs\u00e3o de retomada escalonada a partir do m\u00eas de junho.<\/p>\n\n\n\n<p>&#8220;N\u00f3s sa\u00edmos da fase laranja e estamos entrando fase amarela, de\ncontrole ampliado. V\u00e3o permanecer exatamente as mesmas atividades que estavam\nliberadas e n\u00f3s aumentamos o percentual de 30% para 50% da capacidade de\nfuncionamento&#8221;, afirmou a prefeita Cinthia Ribeiro (PSDB) na entrevista da\n\u00faltima quarta.<\/p>\n\n\n\n<p>Espa\u00e7os p\u00fablicos como pra\u00e7as, praias e academias ao ar livre seguem\nfechados, assim como clubes. Os eventos de qualquer natureza tamb\u00e9m seguir\u00e3o\nproibidos.&nbsp;As medidas\nalteram o decreto N\u00ba 2.029, que come\u00e7ou a valer no dia 19 de abril.<\/p>\n\n\n\n<p><strong>Veja como ficou para cada setor<\/strong><\/p>\n\n\n\n<p><strong>Shoppings centers, galerias e\nestabelecimentos cong\u00eaneres<\/strong><\/p>\n\n\n\n<ul><li>Funcionamento das 12 \u00e0s 22h e com\ncapacidade reduzida de 50%. Permite delivery aos s\u00e1bados e domingos,\npermanecendo fechado para o acesso ao p\u00fablico.<\/li><\/ul>\n\n\n\n<p><strong>Lojas de materiais de constru\u00e7\u00e3o<\/strong><\/p>\n\n\n\n<ul><li>De segunda a sexta, das 9h \u00e0s 17h,\ncom 50% da capacidade.<\/li><\/ul>\n\n\n\n<p><strong>Casas agropecu\u00e1rias<\/strong><\/p>\n\n\n\n<ul><li>De segunda a sexta, das 6h \u00e0s 16h,\ncom 50% da capacidade.<\/li><\/ul>\n\n\n\n<p><strong>Concession\u00e1rias de ve\u00edculos<\/strong><\/p>\n\n\n\n<ul><li>Das 8h \u00e0s 18h, com 50% de capacidade,\nde segunda a sexta.<\/li><\/ul>\n\n\n\n<p><strong>Com\u00e9rcio de rua<\/strong><\/p>\n\n\n\n<ul><li>De segunda a sexta, das 10h \u00e0s 20h,\ncom 50% da capacidade.<\/li><\/ul>\n\n\n\n<p><strong>Academias, escolas esportivas e\natividades recreativas<\/strong><\/p>\n\n\n\n<ul><li>Das 5h at\u00e9 0h, de segunda a\nsexta-feira, limitada a entrada de usu\u00e1rios ao quantitativo de 50% da\ncapacidade do estabelecimento.<\/li><\/ul>\n\n\n\n<p><strong>Cl\u00ednicas de est\u00e9tica e sal\u00f5es de beleza<\/strong><\/p>\n\n\n\n<ul><li>Atendimento personalizado, mediante\nagendamento, das 7h \u00e0s 22h, de segunda a sexta-feira, limitada a entrada de\nusu\u00e1rios ao quantitativo de 50% da capacidade do estabelecimento;<\/li><\/ul>\n\n\n\n<p><strong>Restaurantes<\/strong><\/p>\n\n\n\n<ul><li>Funcionamento todos os dias das 11h\n\u00e0s 15h, com 50% da capacidade. O hor\u00e1rio noturno ainda n\u00e3o est\u00e1 liberado<\/li><\/ul>\n\n\n\n<p><strong>Padarias<\/strong><\/p>\n\n\n\n<ul><li>Das 6h \u00e0s 22h, todos os dias,\nlimitada a entrada de usu\u00e1rios ao quantitativo de 50% da capacidade do\nestabelecimento, permitido o consumo no local durante todo o dia.<\/li><\/ul>\n\n\n\n<p><strong>Lanchonetes (pit dogs, a\u00e7aiterias,\npamonharias, sorveterias, pastelarias) e similares<\/strong><\/p>\n\n\n\n<ul><li>Podem funcionar das 10h \u00e0s 20h, com\nat\u00e9 50% da capacidade para consumo no local. At\u00e9 0h ser\u00e1 permitido o\natendimento por delivery.<\/li><\/ul>\n\n\n\n<p><strong>Bares<\/strong><\/p>\n\n\n\n<ul><li>Permanecem fechados. Podem trabalhar\ndas 8h \u00e0s 0h apenas com delivery ou retirada no local.<\/li><\/ul>\n\n\n\n<p><strong>Igrejas<\/strong><\/p>\n\n\n\n<ul><li>Seguem com funcionamento liberado\nseguindo decreto anterior,&nbsp;<a href=\"https:\/\/g1.globo.com\/to\/tocantins\/noticia\/2021\/04\/02\/igrejas-de-palmas-estao-liberadas-para-realizar-celebracoes-da-pascoa-de-forma-presencial.ghtml\">com\ncapacidade reduzida de funcionamento a 30%<\/a>&nbsp;para reuni\u00f5es presenciais<\/li><\/ul>\n\n\n\n<p><strong>Feiras livres<\/strong><\/p>\n\n\n\n<ul><li>Seguem a portaria que liberou&nbsp;<a href=\"https:\/\/g1.globo.com\/to\/tocantins\/noticia\/2021\/04\/06\/prefeitura-estabelece-dias-e-horarios-para-funcionamento-das-feiras-em-palmas.ghtml\">o\nfuncionamento sem consumo e degusta\u00e7\u00e3o no local.<\/a><\/li><\/ul>\n\n\n\n<p><strong>Educa\u00e7\u00e3o<\/strong><\/p>\n\n\n\n<p>Na rede municipal, o munic\u00edpio informou que as escolas e creches est\u00e3o\npreparadas e equipadas, mas seguem fechadas seguindo o decreto estadual. A\nretomada na educa\u00e7\u00e3o infantil dever\u00e1 ocorrer de forma escalonada com 30% das\nturmas e no formato h\u00edbrido no m\u00eas de junho, se o estado n\u00e3o prorrogar a\nvalidade do texto.<\/p>\n\n\n\n<p>A prefeita Cinthia Ribeiro informou que uma reuni\u00e3o tamb\u00e9m deve ser\nrealizada com as escolas particulares at\u00e9 o pr\u00f3ximo dia 15 de maio para\nplanejar a retomada das atividades presenciais da educa\u00e7\u00e3o infantil. Segundo\nela, as aulas tamb\u00e9m seguem suspensas devido ao decreto estadual.<\/p>\n","protected":false},"excerpt":{"rendered":"<p>As regras do novo decreto municipal, que flexibiliza hor\u00e1rios de funcionamento e o percentual de lota\u00e7\u00e3o do com\u00e9rcio, come\u00e7am a valer nesta segunda-feira (10). As medidas foram anunciadas pela prefeitura na \u00faltima quarta-feira (5). A cidade est\u00e1 entrando na fase amarela de preven\u00e7\u00e3o ao coronav\u00edrus. Mesmo com as altera\u00e7\u00f5es, as aulas presenciais continuar\u00e3o proibidas na [&hellip;]<\/p>\n","protected":false},"author":2,"featured_media":8437,"comment_status":"open","ping_status":"open","sticky":false,"template":"","format":"standard","meta":[],"categories":[3],"tags":[],"_links":{"self":[{"href":"https:\/\/dgospel.com.br\/portal\/index.php\/wp-json\/wp\/v2\/posts\/8436"}],"collection":[{"href":"https:\/\/dgospel.com.br\/portal\/index.php\/wp-json\/wp\/v2\/posts"}],"about":[{"href":"https:\/\/dgospel.com.br\/portal\/index.php\/wp-json\/wp\/v2\/types\/post"}],"author":[{"embeddable":true,"href":"https:\/\/dgospel.com.br\/portal\/index.php\/wp-json\/wp\/v2\/users\/2"}],"replies":[{"embeddable":true,"href":"https:\/\/dgospel.com.br\/portal\/index.php\/wp-json\/wp\/v2\/comments?post=8436"}],"version-history":[{"count":1,"href":"https:\/\/dgospel.com.br\/portal\/index.php\/wp-json\/wp\/v2\/posts\/8436\/revisions"}],"predecessor-version":[{"id":8438,"href":"https:\/\/dgospel.com.br\/portal\/index.php\/wp-json\/wp\/v2\/posts\/8436\/revisions\/8438"}],"wp:featuredmedia":[{"embeddable":true,"href":"https:\/\/dgospel.com.br\/portal\/index.php\/wp-json\/wp\/v2\/media\/8437"}],"wp:attachment":[{"href":"https:\/\/dgospel.com.br\/portal\/index.php\/wp-json\/wp\/v2\/media?parent=8436"}],"wp:term":[{"taxonomy":"category","embeddable":true,"href":"https:\/\/dgospel.com.br\/portal\/index.php\/wp-json\/wp\/v2\/categories?post=8436"},{"taxonomy":"post_tag","embeddable":true,"href":"https:\/\/dgospel.com.br\/portal\/index.php\/wp-json\/wp\/v2\/tags?post=8436"}],"curies":[{"name":"wp","href":"https:\/\/api.w.org\/{rel}","templated":true}]}}