{"id":8439,"date":"2021-05-11T11:27:54","date_gmt":"2021-05-11T14:27:54","guid":{"rendered":"http:\/\/dgospel.com.br\/portal\/?p=8439"},"modified":"2021-05-11T11:39:46","modified_gmt":"2021-05-11T14:39:46","slug":"eli-borges-defende-a-implantacao-de-um-modelo-hibrido-de-ensino-diante-de-um-clima-de-inseguranca-causada-pela-pandemia","status":"publish","type":"post","link":"https:\/\/dgospel.com.br\/portal\/index.php\/2021\/05\/11\/eli-borges-defende-a-implantacao-de-um-modelo-hibrido-de-ensino-diante-de-um-clima-de-inseguranca-causada-pela-pandemia\/","title":{"rendered":"Eli Borges defende a implanta\u00e7\u00e3o de um modelo h\u00edbrido de ensino diante de um clima de inseguran\u00e7a causada pela pandemia"},"content":{"rendered":"\n<p>O deputado federal Eli Borges defende a implanta\u00e7\u00e3o de um modelo h\u00edbrido\nde ensino, presencial e virtual, diante de um clima de inseguran\u00e7a causada\npela pandemia. O parlamentar apresentou um requerimento solicitando a\ncria\u00e7\u00e3o de uma Comiss\u00e3o na C\u00e2mara Federal para discutir um modelo h\u00edbrido de\neduca\u00e7\u00e3o.<\/p>\n\n\n\n<p>Eli Borges disse que tem percebido um debate acalorado acerca da\nEduca\u00e7\u00e3o. \u201cPode presencial ou n\u00e3o pode? Presencial colocaria em risco os\nprofessores, o corpo docente e os alunos que levaria Covid para casa. Se for\nvirtual n\u00e3o existe qualidade e, assim h\u00e1 um debate a respeito do tema\u201d.<\/p>\n\n\n\n<p>\u201cQueremos que a C\u00e2mara dos Deputados comece a debater um\nsistema educacional h\u00edbrido para o Brasil. Por isso estou apresentando um\nrequerimento solicitando a cria\u00e7\u00e3o de uma Comiss\u00e3o no Parlamento Federal, para\ndiscutir o modelo h\u00edbrido de educa\u00e7\u00e3o, um modelo onde poder\u00edamos trabalhar com\nmais efici\u00eancia\u201d<\/p>\n\n\n\n<p>O parlamentar disse que sabe que h\u00e1 um clima de inseguran\u00e7a\nem v\u00e1rios setores, e os sindicatos se movimentam dizendo que os professores n\u00e3o\npodem irem para sala de aula. \u201c\u00c9 bem verdade que todos est\u00e3o se resguardando em\ndefesa da sua pr\u00f3pria vida e dos seus familiares\u201d. <\/p>\n\n\n\n<p>\u201cO parlamento, os educadores, o MEC e a sociedade j\u00e1 est\u00e3o\nprontos para um debate maduro sobre o tema. Porque a pergunta que n\u00e3o quer\ncalar \u00e9 essa: Por quanto tempo essa pandemia ainda vai durar? Seria um momento\nou apenas uma nova onda do Covid? Ser\u00e1 que vir\u00e1 outra? O v\u00edrus vai evoluir?\nVir\u00e3o novas cepas? Ent\u00e3o est\u00e1 na hora de darmos uma contribui\u00e7\u00e3o para o Brasil,\ncom o modelo h\u00edbrido de educa\u00e7\u00e3o com a inser\u00e7\u00e3o dos pais\u201d, disse o deputado.<\/p>\n\n\n\n<p>Veja o v\u00eddeo<\/p>\n\n\n\n<p><\/p>\n\n\n\n<figure class=\"wp-block-video\"><video controls src=\"http:\/\/dgospel.com.br\/portal\/wp-content\/uploads\/2021\/05\/WhatsApp-Video-2021-05-07-at-17.15.33-1.mp4\"><\/video><\/figure>\n\n\n\n<p><\/p>\n","protected":false},"excerpt":{"rendered":"<p>O deputado federal Eli Borges defende a implanta\u00e7\u00e3o de um modelo h\u00edbrido de ensino, presencial e virtual, diante de um clima de inseguran\u00e7a causada pela pandemia. O parlamentar apresentou um requerimento solicitando a cria\u00e7\u00e3o de uma Comiss\u00e3o na C\u00e2mara Federal para discutir um modelo h\u00edbrido de educa\u00e7\u00e3o. Eli Borges disse que tem percebido um debate [&hellip;]<\/p>\n","protected":false},"author":2,"featured_media":8440,"comment_status":"open","ping_status":"open","sticky":false,"template":"","format":"standard","meta":[],"categories":[8],"tags":[13],"_links":{"self":[{"href":"https:\/\/dgospel.com.br\/portal\/index.php\/wp-json\/wp\/v2\/posts\/8439"}],"collection":[{"href":"https:\/\/dgospel.com.br\/portal\/index.php\/wp-json\/wp\/v2\/posts"}],"about":[{"href":"https:\/\/dgospel.com.br\/portal\/index.php\/wp-json\/wp\/v2\/types\/post"}],"author":[{"embeddable":true,"href":"https:\/\/dgospel.com.br\/portal\/index.php\/wp-json\/wp\/v2\/users\/2"}],"replies":[{"embeddable":true,"href":"https:\/\/dgospel.com.br\/portal\/index.php\/wp-json\/wp\/v2\/comments?post=8439"}],"version-history":[{"count":2,"href":"https:\/\/dgospel.com.br\/portal\/index.php\/wp-json\/wp\/v2\/posts\/8439\/revisions"}],"predecessor-version":[{"id":8444,"href":"https:\/\/dgospel.com.br\/portal\/index.php\/wp-json\/wp\/v2\/posts\/8439\/revisions\/8444"}],"wp:featuredmedia":[{"embeddable":true,"href":"https:\/\/dgospel.com.br\/portal\/index.php\/wp-json\/wp\/v2\/media\/8440"}],"wp:attachment":[{"href":"https:\/\/dgospel.com.br\/portal\/index.php\/wp-json\/wp\/v2\/media?parent=8439"}],"wp:term":[{"taxonomy":"category","embeddable":true,"href":"https:\/\/dgospel.com.br\/portal\/index.php\/wp-json\/wp\/v2\/categories?post=8439"},{"taxonomy":"post_tag","embeddable":true,"href":"https:\/\/dgospel.com.br\/portal\/index.php\/wp-json\/wp\/v2\/tags?post=8439"}],"curies":[{"name":"wp","href":"https:\/\/api.w.org\/{rel}","templated":true}]}}