{"id":8452,"date":"2021-05-12T17:08:51","date_gmt":"2021-05-12T20:08:51","guid":{"rendered":"http:\/\/dgospel.com.br\/portal\/?p=8452"},"modified":"2021-05-12T17:08:53","modified_gmt":"2021-05-12T20:08:53","slug":"surdos-unilaterais-podem-ser-considerados-pessoas-com-deficiencia-segundo-pl-de-leo-barbosa","status":"publish","type":"post","link":"https:\/\/dgospel.com.br\/portal\/index.php\/2021\/05\/12\/surdos-unilaterais-podem-ser-considerados-pessoas-com-deficiencia-segundo-pl-de-leo-barbosa\/","title":{"rendered":"Surdos unilaterais podem ser considerados Pessoas Com Defici\u00eancia, segundo PL de L\u00e9o Barbosa"},"content":{"rendered":"\n<p>Reconhecer pessoas diagnosticadas com surdez unilateral como Pessoas com Defici\u00eancia e dar a elas os mesmos direitos conferidos \u00e0s pessoas com defici\u00eancia auditiva, no \u00e2mbito do Estado do Tocantins, \u00e9 o que prop\u00f5e um Projeto de Lei apresentado, nesta ter\u00e7a-feira (11), pelo deputado estadual L\u00e9o Barbosa (Solidariedade).<\/p>\n\n\n\n<p>&#8220;A defici\u00eancia auditiva unilateral, por interferir sensorial e psicologicamente na participa\u00e7\u00e3o social plena das pessoas com essa limita\u00e7\u00e3o, inclusive em oportunidades no mercado de trabalho, deve ser compensada, entre outras medidas, pelo benef\u00edcio da reserva de vagas em contrata\u00e7\u00f5es e concursos p\u00fablicos, por exemplo. Por isso \u00e9 importante fazer este reconhecimento&#8221;, defendeu o parlamentar.<\/p>\n\n\n\n<p>L\u00e9o Barbosa destacou ainda que os Estados&nbsp; possuem compet\u00eancia para legislar sobre a prote\u00e7\u00e3o de pessoas portadoras de defici\u00eancia, conforme disp\u00f5e o artigo 23, inciso II, da Constitui\u00e7\u00e3o Federal, que determina que \u00e9 compet\u00eancia comum da Uni\u00e3o, dos Estados, do Distrito Federal e dos Munic\u00edpios cuidar da sa\u00fade e assist\u00eancia p\u00fablica, da prote\u00e7\u00e3o e garantia das pessoas portadoras de defici\u00eancia.<\/p>\n","protected":false},"excerpt":{"rendered":"<p>Reconhecer pessoas diagnosticadas com surdez unilateral como Pessoas com Defici\u00eancia e dar a elas os mesmos direitos conferidos \u00e0s pessoas com defici\u00eancia auditiva, no \u00e2mbito do Estado do Tocantins, \u00e9 o que prop\u00f5e um Projeto de Lei apresentado, nesta ter\u00e7a-feira (11), pelo deputado estadual L\u00e9o Barbosa (Solidariedade). &#8220;A defici\u00eancia auditiva unilateral, por interferir sensorial e [&hellip;]<\/p>\n","protected":false},"author":2,"featured_media":8453,"comment_status":"open","ping_status":"open","sticky":false,"template":"","format":"standard","meta":[],"categories":[8],"tags":[],"_links":{"self":[{"href":"https:\/\/dgospel.com.br\/portal\/index.php\/wp-json\/wp\/v2\/posts\/8452"}],"collection":[{"href":"https:\/\/dgospel.com.br\/portal\/index.php\/wp-json\/wp\/v2\/posts"}],"about":[{"href":"https:\/\/dgospel.com.br\/portal\/index.php\/wp-json\/wp\/v2\/types\/post"}],"author":[{"embeddable":true,"href":"https:\/\/dgospel.com.br\/portal\/index.php\/wp-json\/wp\/v2\/users\/2"}],"replies":[{"embeddable":true,"href":"https:\/\/dgospel.com.br\/portal\/index.php\/wp-json\/wp\/v2\/comments?post=8452"}],"version-history":[{"count":1,"href":"https:\/\/dgospel.com.br\/portal\/index.php\/wp-json\/wp\/v2\/posts\/8452\/revisions"}],"predecessor-version":[{"id":8454,"href":"https:\/\/dgospel.com.br\/portal\/index.php\/wp-json\/wp\/v2\/posts\/8452\/revisions\/8454"}],"wp:featuredmedia":[{"embeddable":true,"href":"https:\/\/dgospel.com.br\/portal\/index.php\/wp-json\/wp\/v2\/media\/8453"}],"wp:attachment":[{"href":"https:\/\/dgospel.com.br\/portal\/index.php\/wp-json\/wp\/v2\/media?parent=8452"}],"wp:term":[{"taxonomy":"category","embeddable":true,"href":"https:\/\/dgospel.com.br\/portal\/index.php\/wp-json\/wp\/v2\/categories?post=8452"},{"taxonomy":"post_tag","embeddable":true,"href":"https:\/\/dgospel.com.br\/portal\/index.php\/wp-json\/wp\/v2\/tags?post=8452"}],"curies":[{"name":"wp","href":"https:\/\/api.w.org\/{rel}","templated":true}]}}